{"id":1006,"date":"2018-06-04T09:55:28","date_gmt":"2018-06-04T09:55:28","guid":{"rendered":"http:\/\/www.archib.net\/?p=1006"},"modified":"2020-04-08T12:53:22","modified_gmt":"2020-04-08T12:53:22","slug":"les-retaises","status":"publish","type":"post","link":"https:\/\/www.archib.net\/?p=1006","title":{"rendered":"Les R\u00e9taises!!!!!"},"content":{"rendered":"<p>Quelques maisons sur l&rsquo;Ile de R\u00e9:<\/p>\n<p>agrandissement d&rsquo;une habitation existante:<\/p>\n<p><a href=\"http:\/\/www.archib.net\/wp-content\/uploads\/2018\/06\/vue-02-copie.jpg\"><img loading=\"lazy\" decoding=\"async\" class=\"size-large wp-image-932\" src=\"http:\/\/www.archib.net\/wp-content\/uploads\/2018\/06\/vue-02-copie-1024x681.jpg\" alt=\"\" width=\"474\" height=\"315\" srcset=\"https:\/\/www.archib.net\/wp-content\/uploads\/2018\/06\/vue-02-copie-1024x681.jpg 1024w, https:\/\/www.archib.net\/wp-content\/uploads\/2018\/06\/vue-02-copie-300x199.jpg 300w, https:\/\/www.archib.net\/wp-content\/uploads\/2018\/06\/vue-02-copie-768x510.jpg 768w, https:\/\/www.archib.net\/wp-content\/uploads\/2018\/06\/vue-02-copie.jpg 1476w\" sizes=\"auto, (max-width: 474px) 100vw, 474px\" \/><\/a><\/p>\n<p><a href=\"http:\/\/www.archib.net\/wp-content\/uploads\/2018\/06\/vue-impasse-01-copie.jpg\"><img loading=\"lazy\" decoding=\"async\" class=\"size-large wp-image-933\" src=\"http:\/\/www.archib.net\/wp-content\/uploads\/2018\/06\/vue-impasse-01-copie-1024x681.jpg\" alt=\"\" width=\"474\" height=\"315\" srcset=\"https:\/\/www.archib.net\/wp-content\/uploads\/2018\/06\/vue-impasse-01-copie-1024x681.jpg 1024w, https:\/\/www.archib.net\/wp-content\/uploads\/2018\/06\/vue-impasse-01-copie-300x199.jpg 300w, https:\/\/www.archib.net\/wp-content\/uploads\/2018\/06\/vue-impasse-01-copie-768x510.jpg 768w, https:\/\/www.archib.net\/wp-content\/uploads\/2018\/06\/vue-impasse-01-copie.jpg 1476w\" sizes=\"auto, (max-width: 474px) 100vw, 474px\" \/><\/a><\/p>\n<p>Cr\u00e9ation d&rsquo;une habitation avant la vente du terrain, ce projet a permis aux acqu\u00e9reurs d&rsquo;avoir une meilleure id\u00e9e de ce qu&rsquo;il \u00e9tait possible de faire sur la parcelle, et surtout de gagner du temps puisque ce sont les vendeurs qui ont choisis de d\u00e9poser le permis de construire, et d&rsquo;avoir l&rsquo;autorisation du permis de construire, avant la mise en vente du terrain:<\/p>\n<p><a href=\"http:\/\/www.archib.net\/wp-content\/uploads\/2018\/06\/D.jpg\"><img loading=\"lazy\" decoding=\"async\" class=\"size-large wp-image-934 alignnone\" src=\"http:\/\/www.archib.net\/wp-content\/uploads\/2018\/06\/D-1024x576.jpg\" alt=\"\" width=\"474\" height=\"267\" srcset=\"https:\/\/www.archib.net\/wp-content\/uploads\/2018\/06\/D-1024x576.jpg 1024w, https:\/\/www.archib.net\/wp-content\/uploads\/2018\/06\/D-300x169.jpg 300w, https:\/\/www.archib.net\/wp-content\/uploads\/2018\/06\/D-768x432.jpg 768w, https:\/\/www.archib.net\/wp-content\/uploads\/2018\/06\/D.jpg 1280w\" sizes=\"auto, (max-width: 474px) 100vw, 474px\" \/><\/a> <a href=\"http:\/\/www.archib.net\/wp-content\/uploads\/2018\/06\/E.jpg\"><img loading=\"lazy\" decoding=\"async\" class=\"size-large wp-image-935 alignnone\" src=\"http:\/\/www.archib.net\/wp-content\/uploads\/2018\/06\/E-1024x576.jpg\" alt=\"\" width=\"474\" height=\"267\" srcset=\"https:\/\/www.archib.net\/wp-content\/uploads\/2018\/06\/E-1024x576.jpg 1024w, https:\/\/www.archib.net\/wp-content\/uploads\/2018\/06\/E-300x169.jpg 300w, https:\/\/www.archib.net\/wp-content\/uploads\/2018\/06\/E-768x432.jpg 768w, https:\/\/www.archib.net\/wp-content\/uploads\/2018\/06\/E.jpg 1280w\" sizes=\"auto, (max-width: 474px) 100vw, 474px\" \/><\/a> <a href=\"http:\/\/www.archib.net\/wp-content\/uploads\/2018\/06\/vue-nouvelle-maison-04-copie.jpg\"><img loading=\"lazy\" decoding=\"async\" class=\"size-large wp-image-936 alignnone\" src=\"http:\/\/www.archib.net\/wp-content\/uploads\/2018\/06\/vue-nouvelle-maison-04-copie-1024x768.jpg\" alt=\"\" width=\"474\" height=\"356\" srcset=\"https:\/\/www.archib.net\/wp-content\/uploads\/2018\/06\/vue-nouvelle-maison-04-copie-1024x768.jpg 1024w, https:\/\/www.archib.net\/wp-content\/uploads\/2018\/06\/vue-nouvelle-maison-04-copie-300x225.jpg 300w, https:\/\/www.archib.net\/wp-content\/uploads\/2018\/06\/vue-nouvelle-maison-04-copie-768x576.jpg 768w\" sizes=\"auto, (max-width: 474px) 100vw, 474px\" \/><\/a><\/p>\n<p>Et l\u00e0 nous n&rsquo;en sommes qu&rsquo;\u00e0 la toute premi\u00e8re esquisse:<\/p>\n<p><a href=\"http:\/\/www.archib.net\/wp-content\/uploads\/2018\/06\/01-2.jpg\"><img loading=\"lazy\" decoding=\"async\" class=\"size-large wp-image-926 alignnone\" src=\"http:\/\/www.archib.net\/wp-content\/uploads\/2018\/06\/01-2-1024x576.jpg\" alt=\"\" width=\"474\" height=\"267\" srcset=\"https:\/\/www.archib.net\/wp-content\/uploads\/2018\/06\/01-2-1024x576.jpg 1024w, https:\/\/www.archib.net\/wp-content\/uploads\/2018\/06\/01-2-300x169.jpg 300w, https:\/\/www.archib.net\/wp-content\/uploads\/2018\/06\/01-2-768x432.jpg 768w, https:\/\/www.archib.net\/wp-content\/uploads\/2018\/06\/01-2.jpg 1280w\" sizes=\"auto, (max-width: 474px) 100vw, 474px\" \/><\/a> <a href=\"http:\/\/www.archib.net\/wp-content\/uploads\/2018\/06\/02-1.jpg\"><img loading=\"lazy\" decoding=\"async\" class=\"size-large wp-image-927 alignnone\" src=\"http:\/\/www.archib.net\/wp-content\/uploads\/2018\/06\/02-1-1024x768.jpg\" alt=\"\" width=\"474\" height=\"356\" srcset=\"https:\/\/www.archib.net\/wp-content\/uploads\/2018\/06\/02-1.jpg 1024w, https:\/\/www.archib.net\/wp-content\/uploads\/2018\/06\/02-1-300x225.jpg 300w, https:\/\/www.archib.net\/wp-content\/uploads\/2018\/06\/02-1-768x576.jpg 768w\" sizes=\"auto, (max-width: 474px) 100vw, 474px\" \/><\/a> <a href=\"http:\/\/www.archib.net\/wp-content\/uploads\/2018\/06\/03-2.jpg\"><img loading=\"lazy\" decoding=\"async\" class=\"size-large wp-image-928 alignnone\" src=\"http:\/\/www.archib.net\/wp-content\/uploads\/2018\/06\/03-2-1024x768.jpg\" alt=\"\" width=\"474\" height=\"356\" srcset=\"https:\/\/www.archib.net\/wp-content\/uploads\/2018\/06\/03-2.jpg 1024w, https:\/\/www.archib.net\/wp-content\/uploads\/2018\/06\/03-2-300x225.jpg 300w, https:\/\/www.archib.net\/wp-content\/uploads\/2018\/06\/03-2-768x576.jpg 768w\" sizes=\"auto, (max-width: 474px) 100vw, 474px\" \/><\/a> <a href=\"http:\/\/www.archib.net\/wp-content\/uploads\/2018\/06\/04-1.jpg\"><img loading=\"lazy\" decoding=\"async\" class=\"size-large wp-image-929 alignnone\" src=\"http:\/\/www.archib.net\/wp-content\/uploads\/2018\/06\/04-1-1024x768.jpg\" alt=\"\" width=\"474\" height=\"356\" srcset=\"https:\/\/www.archib.net\/wp-content\/uploads\/2018\/06\/04-1.jpg 1024w, https:\/\/www.archib.net\/wp-content\/uploads\/2018\/06\/04-1-300x225.jpg 300w, https:\/\/www.archib.net\/wp-content\/uploads\/2018\/06\/04-1-768x576.jpg 768w\" sizes=\"auto, (max-width: 474px) 100vw, 474px\" \/><\/a><\/p>\n","protected":false},"excerpt":{"rendered":"<p>Quelques maisons sur l&rsquo;Ile de R\u00e9: agrandissement d&rsquo;une habitation existante: Cr\u00e9ation d&rsquo;une habitation avant la vente du terrain, ce projet a permis aux acqu\u00e9reurs d&rsquo;avoir une meilleure id\u00e9e de ce qu&rsquo;il \u00e9tait possible de faire sur la parcelle, et surtout de gagner du temps puisque ce sont les vendeurs qui ont choisis de d\u00e9poser le &hellip; <a href=\"https:\/\/www.archib.net\/?p=1006\" class=\"more-link\">Continuer la lecture de <span class=\"screen-reader-text\">Les R\u00e9taises!!!!!<\/span>  <span class=\"meta-nav\">&rarr;<\/span><\/a><\/p>\n","protected":false},"author":1,"featured_media":0,"comment_status":"open","ping_status":"open","sticky":false,"template":"","format":"standard","meta":{"footnotes":""},"categories":[14,10,27,9,15],"tags":[18,7,17],"class_list":["post-1006","post","type-post","status-publish","format-standard","hentry","category-agrandissement","category-esquisses","category-permis-de-construire","category-projet-en-cours","category-renovation","tag-agrandissement-2","tag-maison","tag-renovation-2"],"_links":{"self":[{"href":"https:\/\/www.archib.net\/index.php?rest_route=\/wp\/v2\/posts\/1006","targetHints":{"allow":["GET"]}}],"collection":[{"href":"https:\/\/www.archib.net\/index.php?rest_route=\/wp\/v2\/posts"}],"about":[{"href":"https:\/\/www.archib.net\/index.php?rest_route=\/wp\/v2\/types\/post"}],"author":[{"embeddable":true,"href":"https:\/\/www.archib.net\/index.php?rest_route=\/wp\/v2\/users\/1"}],"replies":[{"embeddable":true,"href":"https:\/\/www.archib.net\/index.php?rest_route=%2Fwp%2Fv2%2Fcomments&post=1006"}],"version-history":[{"count":3,"href":"https:\/\/www.archib.net\/index.php?rest_route=\/wp\/v2\/posts\/1006\/revisions"}],"predecessor-version":[{"id":1100,"href":"https:\/\/www.archib.net\/index.php?rest_route=\/wp\/v2\/posts\/1006\/revisions\/1100"}],"wp:attachment":[{"href":"https:\/\/www.archib.net\/index.php?rest_route=%2Fwp%2Fv2%2Fmedia&parent=1006"}],"wp:term":[{"taxonomy":"category","embeddable":true,"href":"https:\/\/www.archib.net\/index.php?rest_route=%2Fwp%2Fv2%2Fcategories&post=1006"},{"taxonomy":"post_tag","embeddable":true,"href":"https:\/\/www.archib.net\/index.php?rest_route=%2Fwp%2Fv2%2Ftags&post=1006"}],"curies":[{"name":"wp","href":"https:\/\/api.w.org\/{rel}","templated":true}]}}