{"id":1028,"date":"2020-03-27T11:02:25","date_gmt":"2020-03-27T11:02:25","guid":{"rendered":"http:\/\/www.archib.net\/?p=1028"},"modified":"2020-04-08T12:42:39","modified_gmt":"2020-04-08T12:42:39","slug":"renovation-dune-maison-de-famille","status":"publish","type":"post","link":"https:\/\/www.archib.net\/?p=1028","title":{"rendered":"R\u00e9novation d&rsquo;une maison de famille"},"content":{"rendered":"\n<p>Cette maison, dans le sud des Deux-s\u00e8vres, m\u00e9ritait une grande r\u00e9novation, les styles de vies changeant suivant les g\u00e9n\u00e9rations, elle \u00e9tait devenue difficile \u00e0 vivre.<\/p>\n\n\n\n<p>Ainsi la cuisine a \u00e9t\u00e9 totalement refaite, et agrandie:<\/p>\n\n\n\n<figure class=\"wp-block-image size-large\"><img loading=\"lazy\" decoding=\"async\" width=\"1024\" height=\"768\" src=\"http:\/\/www.archib.net\/wp-content\/uploads\/2020\/03\/IMG_4851-1-1024x768.jpeg\" alt=\"\" class=\"wp-image-1055\" srcset=\"https:\/\/www.archib.net\/wp-content\/uploads\/2020\/03\/IMG_4851-1-1024x768.jpeg 1024w, https:\/\/www.archib.net\/wp-content\/uploads\/2020\/03\/IMG_4851-1-300x225.jpeg 300w, https:\/\/www.archib.net\/wp-content\/uploads\/2020\/03\/IMG_4851-1-768x576.jpeg 768w, https:\/\/www.archib.net\/wp-content\/uploads\/2020\/03\/IMG_4851-1-1536x1152.jpeg 1536w, https:\/\/www.archib.net\/wp-content\/uploads\/2020\/03\/IMG_4851-1-2048x1536.jpeg 2048w\" sizes=\"auto, (max-width: 1024px) 100vw, 1024px\" \/><\/figure>\n\n\n\n<figure class=\"wp-block-image size-large\"><img loading=\"lazy\" decoding=\"async\" width=\"1024\" height=\"768\" src=\"http:\/\/www.archib.net\/wp-content\/uploads\/2020\/03\/IMG_4850-1-1024x768.jpeg\" alt=\"\" class=\"wp-image-1054\" srcset=\"https:\/\/www.archib.net\/wp-content\/uploads\/2020\/03\/IMG_4850-1-1024x768.jpeg 1024w, https:\/\/www.archib.net\/wp-content\/uploads\/2020\/03\/IMG_4850-1-300x225.jpeg 300w, https:\/\/www.archib.net\/wp-content\/uploads\/2020\/03\/IMG_4850-1-768x576.jpeg 768w, https:\/\/www.archib.net\/wp-content\/uploads\/2020\/03\/IMG_4850-1-1536x1152.jpeg 1536w, https:\/\/www.archib.net\/wp-content\/uploads\/2020\/03\/IMG_4850-1-2048x1536.jpeg 2048w\" sizes=\"auto, (max-width: 1024px) 100vw, 1024px\" \/><\/figure>\n\n\n\n<p>Le salon, \u00e0 l&rsquo;origine tr\u00e8s sombre, simplement ouvert sur la cour d&rsquo;acc\u00e8s et le auvent arri\u00e8re, a \u00e9t\u00e9 ouverte sur le jardin, b\u00e9n\u00e9ficiant ainsi d&rsquo;un nouvel \u00e9clairage naturel:<\/p>\n\n\n\n<figure class=\"wp-block-image size-large\"><img loading=\"lazy\" decoding=\"async\" width=\"768\" height=\"1024\" src=\"http:\/\/www.archib.net\/wp-content\/uploads\/2020\/03\/IMG_4852-1-768x1024.jpeg\" alt=\"\" class=\"wp-image-1056\" srcset=\"https:\/\/www.archib.net\/wp-content\/uploads\/2020\/03\/IMG_4852-1-768x1024.jpeg 768w, https:\/\/www.archib.net\/wp-content\/uploads\/2020\/03\/IMG_4852-1-225x300.jpeg 225w, https:\/\/www.archib.net\/wp-content\/uploads\/2020\/03\/IMG_4852-1-1152x1536.jpeg 1152w, https:\/\/www.archib.net\/wp-content\/uploads\/2020\/03\/IMG_4852-1-1536x2048.jpeg 1536w, https:\/\/www.archib.net\/wp-content\/uploads\/2020\/03\/IMG_4852-1-scaled.jpeg 1920w\" sizes=\"auto, (max-width: 768px) 100vw, 768px\" \/><\/figure>\n\n\n\n<figure class=\"wp-block-image size-large\"><img loading=\"lazy\" decoding=\"async\" width=\"1024\" height=\"768\" src=\"http:\/\/www.archib.net\/wp-content\/uploads\/2020\/03\/IMG_4853-1-1024x768.jpeg\" alt=\"\" class=\"wp-image-1057\" srcset=\"https:\/\/www.archib.net\/wp-content\/uploads\/2020\/03\/IMG_4853-1-1024x768.jpeg 1024w, https:\/\/www.archib.net\/wp-content\/uploads\/2020\/03\/IMG_4853-1-300x225.jpeg 300w, https:\/\/www.archib.net\/wp-content\/uploads\/2020\/03\/IMG_4853-1-768x576.jpeg 768w, https:\/\/www.archib.net\/wp-content\/uploads\/2020\/03\/IMG_4853-1-1536x1152.jpeg 1536w, https:\/\/www.archib.net\/wp-content\/uploads\/2020\/03\/IMG_4853-1-2048x1536.jpeg 2048w\" sizes=\"auto, (max-width: 1024px) 100vw, 1024px\" \/><\/figure>\n\n\n\n<figure class=\"wp-block-image size-large\"><img loading=\"lazy\" decoding=\"async\" width=\"1024\" height=\"768\" src=\"http:\/\/www.archib.net\/wp-content\/uploads\/2020\/03\/IMG_4854-1024x768.jpeg\" alt=\"\" class=\"wp-image-1046\" srcset=\"https:\/\/www.archib.net\/wp-content\/uploads\/2020\/03\/IMG_4854-1024x768.jpeg 1024w, https:\/\/www.archib.net\/wp-content\/uploads\/2020\/03\/IMG_4854-300x225.jpeg 300w, https:\/\/www.archib.net\/wp-content\/uploads\/2020\/03\/IMG_4854-768x576.jpeg 768w, https:\/\/www.archib.net\/wp-content\/uploads\/2020\/03\/IMG_4854-1536x1152.jpeg 1536w, https:\/\/www.archib.net\/wp-content\/uploads\/2020\/03\/IMG_4854-2048x1536.jpeg 2048w\" sizes=\"auto, (max-width: 1024px) 100vw, 1024px\" \/><\/figure>\n\n\n\n<p>Les salles de bain ont \u00e9t\u00e9 refaites, avec des \u00e9l\u00e9ments modernes, dor\u00e9navant, une chambre au rez-de-chauss\u00e9e, peut accueillir une personne \u00e0 mobilit\u00e9 r\u00e9duite; les chambres et salle \u00e0 manger ont \u00e9t\u00e9 r\u00e9nov\u00e9es simplement, et surtout isol\u00e9es correctement, autant phon\u00e9tiquement que thermiquement:<\/p>\n\n\n\n<figure class=\"wp-block-image size-large\"><img loading=\"lazy\" decoding=\"async\" width=\"768\" height=\"1024\" src=\"http:\/\/www.archib.net\/wp-content\/uploads\/2020\/03\/IMG_4859-768x1024.jpeg\" alt=\"\" class=\"wp-image-1044\" srcset=\"https:\/\/www.archib.net\/wp-content\/uploads\/2020\/03\/IMG_4859-768x1024.jpeg 768w, https:\/\/www.archib.net\/wp-content\/uploads\/2020\/03\/IMG_4859-225x300.jpeg 225w, https:\/\/www.archib.net\/wp-content\/uploads\/2020\/03\/IMG_4859-1152x1536.jpeg 1152w, https:\/\/www.archib.net\/wp-content\/uploads\/2020\/03\/IMG_4859-1536x2048.jpeg 1536w, https:\/\/www.archib.net\/wp-content\/uploads\/2020\/03\/IMG_4859-scaled.jpeg 1920w\" sizes=\"auto, (max-width: 768px) 100vw, 768px\" \/><\/figure>\n\n\n\n<figure class=\"wp-block-image size-large\"><img loading=\"lazy\" decoding=\"async\" width=\"768\" height=\"1024\" src=\"http:\/\/www.archib.net\/wp-content\/uploads\/2020\/03\/IMG_4861-768x1024.jpeg\" alt=\"\" class=\"wp-image-1037\" srcset=\"https:\/\/www.archib.net\/wp-content\/uploads\/2020\/03\/IMG_4861-768x1024.jpeg 768w, https:\/\/www.archib.net\/wp-content\/uploads\/2020\/03\/IMG_4861-225x300.jpeg 225w, https:\/\/www.archib.net\/wp-content\/uploads\/2020\/03\/IMG_4861-1152x1536.jpeg 1152w, https:\/\/www.archib.net\/wp-content\/uploads\/2020\/03\/IMG_4861-1536x2048.jpeg 1536w, https:\/\/www.archib.net\/wp-content\/uploads\/2020\/03\/IMG_4861-scaled.jpeg 1920w\" sizes=\"auto, (max-width: 768px) 100vw, 768px\" \/><\/figure>\n\n\n\n<figure class=\"wp-block-image size-large\"><img loading=\"lazy\" decoding=\"async\" width=\"768\" height=\"1024\" src=\"http:\/\/www.archib.net\/wp-content\/uploads\/2020\/03\/IMG_4863-768x1024.jpeg\" alt=\"\" class=\"wp-image-1041\" srcset=\"https:\/\/www.archib.net\/wp-content\/uploads\/2020\/03\/IMG_4863-768x1024.jpeg 768w, https:\/\/www.archib.net\/wp-content\/uploads\/2020\/03\/IMG_4863-225x300.jpeg 225w, https:\/\/www.archib.net\/wp-content\/uploads\/2020\/03\/IMG_4863-1152x1536.jpeg 1152w, https:\/\/www.archib.net\/wp-content\/uploads\/2020\/03\/IMG_4863-1536x2048.jpeg 1536w, https:\/\/www.archib.net\/wp-content\/uploads\/2020\/03\/IMG_4863-scaled.jpeg 1920w\" sizes=\"auto, (max-width: 768px) 100vw, 768px\" \/><\/figure>\n\n\n\n<figure class=\"wp-block-image size-large\"><img loading=\"lazy\" decoding=\"async\" width=\"1024\" height=\"768\" src=\"http:\/\/www.archib.net\/wp-content\/uploads\/2020\/03\/IMG_4855-1024x768.jpeg\" alt=\"\" class=\"wp-image-1047\" srcset=\"https:\/\/www.archib.net\/wp-content\/uploads\/2020\/03\/IMG_4855-1024x768.jpeg 1024w, https:\/\/www.archib.net\/wp-content\/uploads\/2020\/03\/IMG_4855-300x225.jpeg 300w, https:\/\/www.archib.net\/wp-content\/uploads\/2020\/03\/IMG_4855-768x576.jpeg 768w, https:\/\/www.archib.net\/wp-content\/uploads\/2020\/03\/IMG_4855-1536x1152.jpeg 1536w, https:\/\/www.archib.net\/wp-content\/uploads\/2020\/03\/IMG_4855-2048x1536.jpeg 2048w\" sizes=\"auto, (max-width: 1024px) 100vw, 1024px\" \/><\/figure>\n\n\n\n<figure class=\"wp-block-image size-large\"><img loading=\"lazy\" decoding=\"async\" width=\"1024\" height=\"768\" src=\"http:\/\/www.archib.net\/wp-content\/uploads\/2020\/03\/IMG_4862-1024x768.jpeg\" alt=\"\" class=\"wp-image-1039\" srcset=\"https:\/\/www.archib.net\/wp-content\/uploads\/2020\/03\/IMG_4862-1024x768.jpeg 1024w, https:\/\/www.archib.net\/wp-content\/uploads\/2020\/03\/IMG_4862-300x225.jpeg 300w, https:\/\/www.archib.net\/wp-content\/uploads\/2020\/03\/IMG_4862-768x576.jpeg 768w, https:\/\/www.archib.net\/wp-content\/uploads\/2020\/03\/IMG_4862-1536x1152.jpeg 1536w, https:\/\/www.archib.net\/wp-content\/uploads\/2020\/03\/IMG_4862-2048x1536.jpeg 2048w\" sizes=\"auto, (max-width: 1024px) 100vw, 1024px\" \/><\/figure>\n","protected":false},"excerpt":{"rendered":"<p>Cette maison, dans le sud des Deux-s\u00e8vres, m\u00e9ritait une grande r\u00e9novation, les styles de vies changeant suivant les g\u00e9n\u00e9rations, elle \u00e9tait devenue difficile \u00e0 vivre. Ainsi la cuisine a \u00e9t\u00e9 totalement refaite, et agrandie: Le salon, \u00e0 l&rsquo;origine tr\u00e8s sombre, simplement ouvert sur la cour d&rsquo;acc\u00e8s et le auvent arri\u00e8re, a \u00e9t\u00e9 ouverte sur le &hellip; <a href=\"https:\/\/www.archib.net\/?p=1028\" class=\"more-link\">Continuer la lecture de <span class=\"screen-reader-text\">R\u00e9novation d&rsquo;une maison de famille<\/span>  <span class=\"meta-nav\">&rarr;<\/span><\/a><\/p>\n","protected":false},"author":1,"featured_media":0,"comment_status":"open","ping_status":"open","sticky":false,"template":"","format":"standard","meta":{"footnotes":""},"categories":[8,20,15],"tags":[71,69,70,17,55],"class_list":["post-1028","post","type-post","status-publish","format-standard","hentry","category-maisons","category-projets-realises","category-renovation","tag-cuisine","tag-isolation","tag-modernisation","tag-renovation-2","tag-restructuration-totale"],"_links":{"self":[{"href":"https:\/\/www.archib.net\/index.php?rest_route=\/wp\/v2\/posts\/1028","targetHints":{"allow":["GET"]}}],"collection":[{"href":"https:\/\/www.archib.net\/index.php?rest_route=\/wp\/v2\/posts"}],"about":[{"href":"https:\/\/www.archib.net\/index.php?rest_route=\/wp\/v2\/types\/post"}],"author":[{"embeddable":true,"href":"https:\/\/www.archib.net\/index.php?rest_route=\/wp\/v2\/users\/1"}],"replies":[{"embeddable":true,"href":"https:\/\/www.archib.net\/index.php?rest_route=%2Fwp%2Fv2%2Fcomments&post=1028"}],"version-history":[{"count":1,"href":"https:\/\/www.archib.net\/index.php?rest_route=\/wp\/v2\/posts\/1028\/revisions"}],"predecessor-version":[{"id":1058,"href":"https:\/\/www.archib.net\/index.php?rest_route=\/wp\/v2\/posts\/1028\/revisions\/1058"}],"wp:attachment":[{"href":"https:\/\/www.archib.net\/index.php?rest_route=%2Fwp%2Fv2%2Fmedia&parent=1028"}],"wp:term":[{"taxonomy":"category","embeddable":true,"href":"https:\/\/www.archib.net\/index.php?rest_route=%2Fwp%2Fv2%2Fcategories&post=1028"},{"taxonomy":"post_tag","embeddable":true,"href":"https:\/\/www.archib.net\/index.php?rest_route=%2Fwp%2Fv2%2Ftags&post=1028"}],"curies":[{"name":"wp","href":"https:\/\/api.w.org\/{rel}","templated":true}]}}