{"id":106,"date":"2012-01-07T13:41:38","date_gmt":"2012-01-07T13:41:38","guid":{"rendered":"http:\/\/www.archib.net\/?p=106"},"modified":"2012-01-07T17:41:26","modified_gmt":"2012-01-07T17:41:26","slug":"maison-d-p","status":"publish","type":"post","link":"https:\/\/www.archib.net\/?p=106","title":{"rendered":"MAISON D.P."},"content":{"rendered":"<p>Projet en cours de r\u00e9alisation.<\/p>\n<p>Le Ma\u00eetre d&rsquo;Ouvrage souhaitait agrandir sa maison sous l&rsquo;espace couvert existant et se situant dans la continuit\u00e9 de l&rsquo;habitation.<\/p>\n<p>Le choix du mode de construction en ossature bois et bardage bois s&rsquo;est fait pour ne pas cr\u00e9er un pastiche d&rsquo;architecture ancienne. Le bois donne un cot\u00e9 grange volontairement recherch\u00e9.<\/p>\n<p><a href=\"http:\/\/www.archib.net\/wp-content\/uploads\/2012\/01\/MAISON-D.P.-FACADES-01.jpg\"><img loading=\"lazy\" decoding=\"async\" class=\"alignnone size-large wp-image-112\" title=\"FACADES\" src=\"http:\/\/www.archib.net\/wp-content\/uploads\/2012\/01\/MAISON-D.P.-FACADES-01-1024x635.jpg\" alt=\"\" width=\"627\" height=\"388\" srcset=\"https:\/\/www.archib.net\/wp-content\/uploads\/2012\/01\/MAISON-D.P.-FACADES-01-1024x635.jpg 1024w, https:\/\/www.archib.net\/wp-content\/uploads\/2012\/01\/MAISON-D.P.-FACADES-01-300x186.jpg 300w\" sizes=\"auto, (max-width: 627px) 100vw, 627px\" \/><\/a><\/p>\n<figure id=\"attachment_107\" aria-describedby=\"caption-attachment-107\" style=\"width: 627px\" class=\"wp-caption alignnone\"><a href=\"http:\/\/www.archib.net\/wp-content\/uploads\/2012\/01\/MAISON-D.P.-VUE-ACTUELLE-01.jpg\"><img loading=\"lazy\" decoding=\"async\" class=\"size-large wp-image-107\" title=\"VUE ACTUELLE\" src=\"http:\/\/www.archib.net\/wp-content\/uploads\/2012\/01\/MAISON-D.P.-VUE-ACTUELLE-01-1024x768.jpg\" alt=\"\" width=\"627\" height=\"470\" srcset=\"https:\/\/www.archib.net\/wp-content\/uploads\/2012\/01\/MAISON-D.P.-VUE-ACTUELLE-01-1024x768.jpg 1024w, https:\/\/www.archib.net\/wp-content\/uploads\/2012\/01\/MAISON-D.P.-VUE-ACTUELLE-01-300x225.jpg 300w\" sizes=\"auto, (max-width: 627px) 100vw, 627px\" \/><\/a><figcaption id=\"caption-attachment-107\" class=\"wp-caption-text\">vue actuelle<\/figcaption><\/figure>\n<figure id=\"attachment_108\" aria-describedby=\"caption-attachment-108\" style=\"width: 627px\" class=\"wp-caption alignnone\"><a href=\"http:\/\/www.archib.net\/wp-content\/uploads\/2012\/01\/MAISON-D.P.-VUE-ACTUELLE-02.jpg\"><img loading=\"lazy\" decoding=\"async\" class=\" wp-image-108\" title=\"VUE ACTUELLE\" src=\"http:\/\/www.archib.net\/wp-content\/uploads\/2012\/01\/MAISON-D.P.-VUE-ACTUELLE-02-1024x768.jpg\" alt=\"\" width=\"627\" height=\"470\" srcset=\"https:\/\/www.archib.net\/wp-content\/uploads\/2012\/01\/MAISON-D.P.-VUE-ACTUELLE-02-1024x768.jpg 1024w, https:\/\/www.archib.net\/wp-content\/uploads\/2012\/01\/MAISON-D.P.-VUE-ACTUELLE-02-300x225.jpg 300w\" sizes=\"auto, (max-width: 627px) 100vw, 627px\" \/><\/a><figcaption id=\"caption-attachment-108\" class=\"wp-caption-text\">vue actuelle<\/figcaption><\/figure>\n<figure id=\"attachment_109\" aria-describedby=\"caption-attachment-109\" style=\"width: 627px\" class=\"wp-caption alignnone\"><a href=\"http:\/\/www.archib.net\/wp-content\/uploads\/2012\/01\/MAISON-D.P.-VUE-FUTURE-01.jpg\"><img loading=\"lazy\" decoding=\"async\" class=\"size-large wp-image-109\" title=\"VUE FUTURE\" src=\"http:\/\/www.archib.net\/wp-content\/uploads\/2012\/01\/MAISON-D.P.-VUE-FUTURE-01-1024x768.jpg\" alt=\"\" width=\"627\" height=\"470\" srcset=\"https:\/\/www.archib.net\/wp-content\/uploads\/2012\/01\/MAISON-D.P.-VUE-FUTURE-01-1024x768.jpg 1024w, https:\/\/www.archib.net\/wp-content\/uploads\/2012\/01\/MAISON-D.P.-VUE-FUTURE-01-300x225.jpg 300w\" sizes=\"auto, (max-width: 627px) 100vw, 627px\" \/><\/a><figcaption id=\"caption-attachment-109\" class=\"wp-caption-text\">vue future<\/figcaption><\/figure>\n<figure id=\"attachment_110\" aria-describedby=\"caption-attachment-110\" style=\"width: 627px\" class=\"wp-caption alignnone\"><a href=\"http:\/\/www.archib.net\/wp-content\/uploads\/2012\/01\/MAISON-D.P.-VUE-FUTURE-02.jpg\"><img loading=\"lazy\" decoding=\"async\" class=\"size-large wp-image-110\" title=\"VUE FUTURE\" src=\"http:\/\/www.archib.net\/wp-content\/uploads\/2012\/01\/MAISON-D.P.-VUE-FUTURE-02-1024x768.jpg\" alt=\"\" width=\"627\" height=\"470\" srcset=\"https:\/\/www.archib.net\/wp-content\/uploads\/2012\/01\/MAISON-D.P.-VUE-FUTURE-02-1024x768.jpg 1024w, https:\/\/www.archib.net\/wp-content\/uploads\/2012\/01\/MAISON-D.P.-VUE-FUTURE-02-300x225.jpg 300w\" sizes=\"auto, (max-width: 627px) 100vw, 627px\" \/><\/a><figcaption id=\"caption-attachment-110\" class=\"wp-caption-text\">vue future<\/figcaption><\/figure>\n<figure id=\"attachment_113\" aria-describedby=\"caption-attachment-113\" style=\"width: 627px\" class=\"wp-caption alignnone\"><a href=\"http:\/\/www.archib.net\/wp-content\/uploads\/2012\/01\/MAISON-D.P.-INTERIEUR-CHAMBRE-01.jpg\"><img loading=\"lazy\" decoding=\"async\" class=\"size-large wp-image-113\" title=\"SALLE DE BAIN\" src=\"http:\/\/www.archib.net\/wp-content\/uploads\/2012\/01\/MAISON-D.P.-INTERIEUR-CHAMBRE-01-1024x978.jpg\" alt=\"\" width=\"627\" height=\"598\" srcset=\"https:\/\/www.archib.net\/wp-content\/uploads\/2012\/01\/MAISON-D.P.-INTERIEUR-CHAMBRE-01-1024x978.jpg 1024w, https:\/\/www.archib.net\/wp-content\/uploads\/2012\/01\/MAISON-D.P.-INTERIEUR-CHAMBRE-01-300x286.jpg 300w, https:\/\/www.archib.net\/wp-content\/uploads\/2012\/01\/MAISON-D.P.-INTERIEUR-CHAMBRE-01.jpg 1332w\" sizes=\"auto, (max-width: 627px) 100vw, 627px\" \/><\/a><figcaption id=\"caption-attachment-113\" class=\"wp-caption-text\">croquis rapide de la salle de bain vers la chambre<\/figcaption><\/figure>\n","protected":false},"excerpt":{"rendered":"<p>Projet en cours de r\u00e9alisation. Le Ma\u00eetre d&rsquo;Ouvrage souhaitait agrandir sa maison sous l&rsquo;espace couvert existant et se situant dans la continuit\u00e9 de l&rsquo;habitation. Le choix du mode de construction en ossature bois et bardage bois s&rsquo;est fait pour ne pas cr\u00e9er un pastiche d&rsquo;architecture ancienne. Le bois donne un cot\u00e9 grange volontairement recherch\u00e9.<\/p>\n","protected":false},"author":1,"featured_media":0,"comment_status":"closed","ping_status":"closed","sticky":false,"template":"","format":"standard","meta":{"footnotes":""},"categories":[14,8,9,15],"tags":[18,7,16,17],"class_list":["post-106","post","type-post","status-publish","format-standard","hentry","category-agrandissement","category-maisons","category-projet-en-cours","category-renovation","tag-agrandissement-2","tag-maison","tag-maison-d-p","tag-renovation-2"],"_links":{"self":[{"href":"https:\/\/www.archib.net\/index.php?rest_route=\/wp\/v2\/posts\/106","targetHints":{"allow":["GET"]}}],"collection":[{"href":"https:\/\/www.archib.net\/index.php?rest_route=\/wp\/v2\/posts"}],"about":[{"href":"https:\/\/www.archib.net\/index.php?rest_route=\/wp\/v2\/types\/post"}],"author":[{"embeddable":true,"href":"https:\/\/www.archib.net\/index.php?rest_route=\/wp\/v2\/users\/1"}],"replies":[{"embeddable":true,"href":"https:\/\/www.archib.net\/index.php?rest_route=%2Fwp%2Fv2%2Fcomments&post=106"}],"version-history":[{"count":7,"href":"https:\/\/www.archib.net\/index.php?rest_route=\/wp\/v2\/posts\/106\/revisions"}],"predecessor-version":[{"id":211,"href":"https:\/\/www.archib.net\/index.php?rest_route=\/wp\/v2\/posts\/106\/revisions\/211"}],"wp:attachment":[{"href":"https:\/\/www.archib.net\/index.php?rest_route=%2Fwp%2Fv2%2Fmedia&parent=106"}],"wp:term":[{"taxonomy":"category","embeddable":true,"href":"https:\/\/www.archib.net\/index.php?rest_route=%2Fwp%2Fv2%2Fcategories&post=106"},{"taxonomy":"post_tag","embeddable":true,"href":"https:\/\/www.archib.net\/index.php?rest_route=%2Fwp%2Fv2%2Ftags&post=106"}],"curies":[{"name":"wp","href":"https:\/\/api.w.org\/{rel}","templated":true}]}}