{"id":1108,"date":"2020-04-08T13:13:34","date_gmt":"2020-04-08T13:13:34","guid":{"rendered":"http:\/\/www.archib.net\/?p=1108"},"modified":"2020-04-08T13:18:07","modified_gmt":"2020-04-08T13:18:07","slug":"maison-bordelaise","status":"publish","type":"post","link":"https:\/\/www.archib.net\/?p=1108","title":{"rendered":"Maison Bordelaise"},"content":{"rendered":"\n<p>Les ma\u00eetres d&rsquo;ouvrage ont achet\u00e9 une maison en tr\u00e8s bon \u00e9tat, mais peu fonctionnelle, ni tr\u00e8s joyeuse ext\u00e9rieurement:<\/p>\n\n\n\n<figure class=\"wp-block-image size-large\"><img loading=\"lazy\" decoding=\"async\" width=\"768\" height=\"1024\" src=\"http:\/\/www.archib.net\/wp-content\/uploads\/2020\/04\/IMG_6042-768x1024.jpeg\" alt=\"\" class=\"wp-image-1103\" srcset=\"https:\/\/www.archib.net\/wp-content\/uploads\/2020\/04\/IMG_6042-768x1024.jpeg 768w, https:\/\/www.archib.net\/wp-content\/uploads\/2020\/04\/IMG_6042-225x300.jpeg 225w, https:\/\/www.archib.net\/wp-content\/uploads\/2020\/04\/IMG_6042-1152x1536.jpeg 1152w, https:\/\/www.archib.net\/wp-content\/uploads\/2020\/04\/IMG_6042-1536x2048.jpeg 1536w, https:\/\/www.archib.net\/wp-content\/uploads\/2020\/04\/IMG_6042-scaled.jpeg 1920w\" sizes=\"auto, (max-width: 768px) 100vw, 768px\" \/><\/figure>\n\n\n\n<figure class=\"wp-block-image size-large\"><img loading=\"lazy\" decoding=\"async\" width=\"1024\" height=\"768\" src=\"http:\/\/www.archib.net\/wp-content\/uploads\/2020\/04\/IMG_6044-1024x768.jpeg\" alt=\"\" class=\"wp-image-1104\" srcset=\"https:\/\/www.archib.net\/wp-content\/uploads\/2020\/04\/IMG_6044-1024x768.jpeg 1024w, https:\/\/www.archib.net\/wp-content\/uploads\/2020\/04\/IMG_6044-300x225.jpeg 300w, https:\/\/www.archib.net\/wp-content\/uploads\/2020\/04\/IMG_6044-768x576.jpeg 768w, https:\/\/www.archib.net\/wp-content\/uploads\/2020\/04\/IMG_6044-1536x1152.jpeg 1536w, https:\/\/www.archib.net\/wp-content\/uploads\/2020\/04\/IMG_6044-2048x1536.jpeg 2048w\" sizes=\"auto, (max-width: 1024px) 100vw, 1024px\" \/><\/figure>\n\n\n\n<p>Le projet d&rsquo;agrandissement vient donc revoir la fonctionnalit\u00e9 int\u00e9rieure, en cr\u00e9ant un nouvel acc\u00e8s plus pratique, et le possibilit\u00e9 de circuler avec un fauteuil roulant entre un nouveau garage et l&rsquo;\u00e9tage de vie, tout en cr\u00e9ant un volume respectant le r\u00e8glement d&rsquo;urbanisme tr\u00e8s strict, la typologie de la maison actuelle, et permettant les raccords en toiture:<\/p>\n\n\n\n<figure class=\"wp-block-image size-large\"><img loading=\"lazy\" decoding=\"async\" width=\"1024\" height=\"768\" src=\"http:\/\/www.archib.net\/wp-content\/uploads\/2018\/06\/VUR-FUTURE-01-1024x768.jpg\" alt=\"\" class=\"wp-image-1097\" srcset=\"https:\/\/www.archib.net\/wp-content\/uploads\/2018\/06\/VUR-FUTURE-01-1024x768.jpg 1024w, https:\/\/www.archib.net\/wp-content\/uploads\/2018\/06\/VUR-FUTURE-01-300x225.jpg 300w, https:\/\/www.archib.net\/wp-content\/uploads\/2018\/06\/VUR-FUTURE-01-768x576.jpg 768w, https:\/\/www.archib.net\/wp-content\/uploads\/2018\/06\/VUR-FUTURE-01.jpg 1476w\" sizes=\"auto, (max-width: 1024px) 100vw, 1024px\" \/><\/figure>\n\n\n\n<figure class=\"wp-block-image size-large\"><img loading=\"lazy\" decoding=\"async\" width=\"768\" height=\"1024\" src=\"http:\/\/www.archib.net\/wp-content\/uploads\/2018\/06\/VUR-FUTURE-02-768x1024.jpg\" alt=\"\" class=\"wp-image-1098\" srcset=\"https:\/\/www.archib.net\/wp-content\/uploads\/2018\/06\/VUR-FUTURE-02-768x1025.jpg 768w, https:\/\/www.archib.net\/wp-content\/uploads\/2018\/06\/VUR-FUTURE-02-225x300.jpg 225w, https:\/\/www.archib.net\/wp-content\/uploads\/2018\/06\/VUR-FUTURE-02-1151x1536.jpg 1151w, https:\/\/www.archib.net\/wp-content\/uploads\/2018\/06\/VUR-FUTURE-02.jpg 1476w\" sizes=\"auto, (max-width: 768px) 100vw, 768px\" \/><\/figure>\n\n\n\n<figure class=\"wp-block-image size-large\"><img loading=\"lazy\" decoding=\"async\" width=\"1024\" height=\"768\" src=\"http:\/\/www.archib.net\/wp-content\/uploads\/2018\/06\/VUR-FUTURE-03-1024x768.jpg\" alt=\"\" class=\"wp-image-1099\" srcset=\"https:\/\/www.archib.net\/wp-content\/uploads\/2018\/06\/VUR-FUTURE-03-1024x768.jpg 1024w, https:\/\/www.archib.net\/wp-content\/uploads\/2018\/06\/VUR-FUTURE-03-300x225.jpg 300w, https:\/\/www.archib.net\/wp-content\/uploads\/2018\/06\/VUR-FUTURE-03-768x576.jpg 768w, https:\/\/www.archib.net\/wp-content\/uploads\/2018\/06\/VUR-FUTURE-03.jpg 1476w\" sizes=\"auto, (max-width: 1024px) 100vw, 1024px\" \/><\/figure>\n","protected":false},"excerpt":{"rendered":"<p>Les ma\u00eetres d&rsquo;ouvrage ont achet\u00e9 une maison en tr\u00e8s bon \u00e9tat, mais peu fonctionnelle, ni tr\u00e8s joyeuse ext\u00e9rieurement: Le projet d&rsquo;agrandissement vient donc revoir la fonctionnalit\u00e9 int\u00e9rieure, en cr\u00e9ant un nouvel acc\u00e8s plus pratique, et le possibilit\u00e9 de circuler avec un fauteuil roulant entre un nouveau garage et l&rsquo;\u00e9tage de vie, tout en cr\u00e9ant un &hellip; <a href=\"https:\/\/www.archib.net\/?p=1108\" class=\"more-link\">Continuer la lecture de <span class=\"screen-reader-text\">Maison Bordelaise<\/span>  <span class=\"meta-nav\">&rarr;<\/span><\/a><\/p>\n","protected":false},"author":1,"featured_media":0,"comment_status":"open","ping_status":"open","sticky":false,"template":"","format":"standard","meta":{"footnotes":""},"categories":[14,8,27,9,15],"tags":[18,78,77],"class_list":["post-1108","post","type-post","status-publish","format-standard","hentry","category-agrandissement","category-maisons","category-permis-de-construire","category-projet-en-cours","category-renovation","tag-agrandissement-2","tag-isolation-par-lexterieur","tag-maison-de-ville"],"_links":{"self":[{"href":"https:\/\/www.archib.net\/index.php?rest_route=\/wp\/v2\/posts\/1108","targetHints":{"allow":["GET"]}}],"collection":[{"href":"https:\/\/www.archib.net\/index.php?rest_route=\/wp\/v2\/posts"}],"about":[{"href":"https:\/\/www.archib.net\/index.php?rest_route=\/wp\/v2\/types\/post"}],"author":[{"embeddable":true,"href":"https:\/\/www.archib.net\/index.php?rest_route=\/wp\/v2\/users\/1"}],"replies":[{"embeddable":true,"href":"https:\/\/www.archib.net\/index.php?rest_route=%2Fwp%2Fv2%2Fcomments&post=1108"}],"version-history":[{"count":1,"href":"https:\/\/www.archib.net\/index.php?rest_route=\/wp\/v2\/posts\/1108\/revisions"}],"predecessor-version":[{"id":1109,"href":"https:\/\/www.archib.net\/index.php?rest_route=\/wp\/v2\/posts\/1108\/revisions\/1109"}],"wp:attachment":[{"href":"https:\/\/www.archib.net\/index.php?rest_route=%2Fwp%2Fv2%2Fmedia&parent=1108"}],"wp:term":[{"taxonomy":"category","embeddable":true,"href":"https:\/\/www.archib.net\/index.php?rest_route=%2Fwp%2Fv2%2Fcategories&post=1108"},{"taxonomy":"post_tag","embeddable":true,"href":"https:\/\/www.archib.net\/index.php?rest_route=%2Fwp%2Fv2%2Ftags&post=1108"}],"curies":[{"name":"wp","href":"https:\/\/api.w.org\/{rel}","templated":true}]}}