{"id":1157,"date":"2020-04-08T14:21:25","date_gmt":"2020-04-08T14:21:25","guid":{"rendered":"http:\/\/www.archib.net\/?p=1157"},"modified":"2025-10-07T16:11:20","modified_gmt":"2025-10-07T16:11:20","slug":"hotel-le-homard-bleu","status":"publish","type":"post","link":"https:\/\/www.archib.net\/?p=1157","title":{"rendered":"h\u00f4tel le Homard Bleu"},"content":{"rendered":"\n<p>Sur l&rsquo;Ile d&rsquo;Ol\u00e9ron, dans le village de SAINT TROJAN LES BAINS, les vacanciers \u00e9taient accueillis depuis des ann\u00e9es dans un h\u00f4tel donnant directement sur la plage, cependant cet \u00e9tablissement, devenu d\u00e9suet, m\u00e9ritait une r\u00e9novation globale:<\/p>\n\n\n\n<figure class=\"wp-block-image size-large\"><img loading=\"lazy\" decoding=\"async\" width=\"768\" height=\"1024\" src=\"http:\/\/www.archib.net\/wp-content\/uploads\/2020\/04\/IMG_5059-768x1024.jpg\" alt=\"\" class=\"wp-image-1159\" srcset=\"https:\/\/www.archib.net\/wp-content\/uploads\/2020\/04\/IMG_5059-768x1024.jpg 768w, https:\/\/www.archib.net\/wp-content\/uploads\/2020\/04\/IMG_5059-225x300.jpg 225w, https:\/\/www.archib.net\/wp-content\/uploads\/2020\/04\/IMG_5059-1152x1536.jpg 1152w, https:\/\/www.archib.net\/wp-content\/uploads\/2020\/04\/IMG_5059-1536x2048.jpg 1536w, https:\/\/www.archib.net\/wp-content\/uploads\/2020\/04\/IMG_5059-scaled.jpg 1920w\" sizes=\"auto, (max-width: 768px) 100vw, 768px\" \/><\/figure>\n\n\n\n<figure class=\"wp-block-image size-large\"><img loading=\"lazy\" decoding=\"async\" width=\"768\" height=\"1024\" src=\"http:\/\/www.archib.net\/wp-content\/uploads\/2020\/04\/IMG_5715-768x1024.jpg\" alt=\"\" class=\"wp-image-1143\" srcset=\"https:\/\/www.archib.net\/wp-content\/uploads\/2020\/04\/IMG_5715-768x1024.jpg 768w, https:\/\/www.archib.net\/wp-content\/uploads\/2020\/04\/IMG_5715-225x300.jpg 225w, https:\/\/www.archib.net\/wp-content\/uploads\/2020\/04\/IMG_5715-1152x1536.jpg 1152w, https:\/\/www.archib.net\/wp-content\/uploads\/2020\/04\/IMG_5715-1536x2048.jpg 1536w, https:\/\/www.archib.net\/wp-content\/uploads\/2020\/04\/IMG_5715-scaled.jpg 1920w\" sizes=\"auto, (max-width: 768px) 100vw, 768px\" \/><\/figure>\n\n\n\n<figure class=\"wp-block-image size-large\"><img loading=\"lazy\" decoding=\"async\" width=\"1024\" height=\"768\" src=\"http:\/\/www.archib.net\/wp-content\/uploads\/2020\/04\/IMG_5737-1024x768.jpg\" alt=\"\" class=\"wp-image-1140\" srcset=\"https:\/\/www.archib.net\/wp-content\/uploads\/2020\/04\/IMG_5737-1024x768.jpg 1024w, https:\/\/www.archib.net\/wp-content\/uploads\/2020\/04\/IMG_5737-300x225.jpg 300w, https:\/\/www.archib.net\/wp-content\/uploads\/2020\/04\/IMG_5737-768x576.jpg 768w, https:\/\/www.archib.net\/wp-content\/uploads\/2020\/04\/IMG_5737-1536x1152.jpg 1536w, https:\/\/www.archib.net\/wp-content\/uploads\/2020\/04\/IMG_5737-2048x1536.jpg 2048w\" sizes=\"auto, (max-width: 1024px) 100vw, 1024px\" \/><\/figure>\n\n\n\n<figure class=\"wp-block-image size-large\"><img loading=\"lazy\" decoding=\"async\" width=\"1024\" height=\"768\" src=\"http:\/\/www.archib.net\/wp-content\/uploads\/2020\/04\/IMG_5713-1024x768.jpg\" alt=\"\" class=\"wp-image-1142\" srcset=\"https:\/\/www.archib.net\/wp-content\/uploads\/2020\/04\/IMG_5713-1024x768.jpg 1024w, https:\/\/www.archib.net\/wp-content\/uploads\/2020\/04\/IMG_5713-300x225.jpg 300w, https:\/\/www.archib.net\/wp-content\/uploads\/2020\/04\/IMG_5713-768x576.jpg 768w, https:\/\/www.archib.net\/wp-content\/uploads\/2020\/04\/IMG_5713-1536x1152.jpg 1536w, https:\/\/www.archib.net\/wp-content\/uploads\/2020\/04\/IMG_5713-2048x1536.jpg 2048w\" sizes=\"auto, (max-width: 1024px) 100vw, 1024px\" \/><\/figure>\n\n\n\n<p>Il est donc pr\u00e9vu de faire des travaux en deux temps, avec tout d&rsquo;abord un rafraichissement g\u00e9n\u00e9ral, et ensuite, la cr\u00e9ation de chambres pour les personnes \u00e0 mobilit\u00e9 r\u00e9duite, et l&rsquo;am\u00e9nagement du fond de parcelle:<\/p>\n\n\n\n<figure class=\"wp-block-image size-large\"><img loading=\"lazy\" decoding=\"async\" width=\"768\" height=\"1024\" src=\"http:\/\/www.archib.net\/wp-content\/uploads\/2020\/04\/VUE-FUTURE-02-768x1024.jpg\" alt=\"\" class=\"wp-image-1151\" srcset=\"https:\/\/www.archib.net\/wp-content\/uploads\/2020\/04\/VUE-FUTURE-02-768x1025.jpg 768w, https:\/\/www.archib.net\/wp-content\/uploads\/2020\/04\/VUE-FUTURE-02-225x300.jpg 225w, https:\/\/www.archib.net\/wp-content\/uploads\/2020\/04\/VUE-FUTURE-02-1151x1536.jpg 1151w, https:\/\/www.archib.net\/wp-content\/uploads\/2020\/04\/VUE-FUTURE-02.jpg 1476w\" sizes=\"auto, (max-width: 768px) 100vw, 768px\" \/><\/figure>\n\n\n\n<figure class=\"wp-block-image size-large\"><img loading=\"lazy\" decoding=\"async\" width=\"768\" height=\"1024\" src=\"http:\/\/www.archib.net\/wp-content\/uploads\/2020\/04\/VUE-FUTURE-01-768x1024.jpg\" alt=\"\" class=\"wp-image-1150\" srcset=\"https:\/\/www.archib.net\/wp-content\/uploads\/2020\/04\/VUE-FUTURE-01-768x1025.jpg 768w, https:\/\/www.archib.net\/wp-content\/uploads\/2020\/04\/VUE-FUTURE-01-225x300.jpg 225w, https:\/\/www.archib.net\/wp-content\/uploads\/2020\/04\/VUE-FUTURE-01-1151x1536.jpg 1151w, https:\/\/www.archib.net\/wp-content\/uploads\/2020\/04\/VUE-FUTURE-01.jpg 1476w\" sizes=\"auto, (max-width: 768px) 100vw, 768px\" \/><\/figure>\n\n\n\n<figure class=\"wp-block-image size-large\"><img loading=\"lazy\" decoding=\"async\" width=\"768\" height=\"1024\" src=\"http:\/\/www.archib.net\/wp-content\/uploads\/2020\/04\/VUE-FUTURE-03-768x1024.jpg\" alt=\"\" class=\"wp-image-1144\" srcset=\"https:\/\/www.archib.net\/wp-content\/uploads\/2020\/04\/VUE-FUTURE-03-768x1025.jpg 768w, https:\/\/www.archib.net\/wp-content\/uploads\/2020\/04\/VUE-FUTURE-03-225x300.jpg 225w, https:\/\/www.archib.net\/wp-content\/uploads\/2020\/04\/VUE-FUTURE-03-1151x1536.jpg 1151w, https:\/\/www.archib.net\/wp-content\/uploads\/2020\/04\/VUE-FUTURE-03.jpg 1476w\" sizes=\"auto, (max-width: 768px) 100vw, 768px\" \/><\/figure>\n\n\n\n<figure class=\"wp-block-image size-large\"><img loading=\"lazy\" decoding=\"async\" width=\"1024\" height=\"576\" src=\"http:\/\/www.archib.net\/wp-content\/uploads\/2020\/04\/06-BIS-1024x576.jpg\" alt=\"\" class=\"wp-image-1147\" srcset=\"https:\/\/www.archib.net\/wp-content\/uploads\/2020\/04\/06-BIS-1024x576.jpg 1024w, https:\/\/www.archib.net\/wp-content\/uploads\/2020\/04\/06-BIS-300x169.jpg 300w, https:\/\/www.archib.net\/wp-content\/uploads\/2020\/04\/06-BIS-768x432.jpg 768w, https:\/\/www.archib.net\/wp-content\/uploads\/2020\/04\/06-BIS.jpg 1280w\" sizes=\"auto, (max-width: 1024px) 100vw, 1024px\" \/><\/figure>\n\n\n\n<figure class=\"wp-block-image size-large\"><img loading=\"lazy\" decoding=\"async\" width=\"1024\" height=\"576\" src=\"http:\/\/www.archib.net\/wp-content\/uploads\/2020\/04\/07-BIS-1024x576.jpg\" alt=\"\" class=\"wp-image-1148\" srcset=\"https:\/\/www.archib.net\/wp-content\/uploads\/2020\/04\/07-BIS-1024x576.jpg 1024w, https:\/\/www.archib.net\/wp-content\/uploads\/2020\/04\/07-BIS-300x169.jpg 300w, https:\/\/www.archib.net\/wp-content\/uploads\/2020\/04\/07-BIS-768x432.jpg 768w, https:\/\/www.archib.net\/wp-content\/uploads\/2020\/04\/07-BIS.jpg 1280w\" sizes=\"auto, (max-width: 1024px) 100vw, 1024px\" \/><\/figure>\n\n\n\n<figure class=\"wp-block-image size-large\"><img loading=\"lazy\" decoding=\"async\" width=\"1024\" height=\"576\" src=\"http:\/\/www.archib.net\/wp-content\/uploads\/2020\/04\/08-BIS-1024x576.jpg\" alt=\"\" class=\"wp-image-1149\" srcset=\"https:\/\/www.archib.net\/wp-content\/uploads\/2020\/04\/08-BIS-1024x576.jpg 1024w, https:\/\/www.archib.net\/wp-content\/uploads\/2020\/04\/08-BIS-300x169.jpg 300w, https:\/\/www.archib.net\/wp-content\/uploads\/2020\/04\/08-BIS-768x432.jpg 768w, https:\/\/www.archib.net\/wp-content\/uploads\/2020\/04\/08-BIS.jpg 1280w\" sizes=\"auto, (max-width: 1024px) 100vw, 1024px\" \/><\/figure>\n","protected":false},"excerpt":{"rendered":"<p>Sur l&rsquo;Ile d&rsquo;Ol\u00e9ron, dans le village de SAINT TROJAN LES BAINS, les vacanciers \u00e9taient accueillis depuis des ann\u00e9es dans un h\u00f4tel donnant directement sur la plage, cependant cet \u00e9tablissement, devenu d\u00e9suet, m\u00e9ritait une r\u00e9novation globale: Il est donc pr\u00e9vu de faire des travaux en deux temps, avec tout d&rsquo;abord un rafraichissement g\u00e9n\u00e9ral, et ensuite, la &hellip; <a href=\"https:\/\/www.archib.net\/?p=1157\" class=\"more-link\">Continuer la lecture de <span class=\"screen-reader-text\">h\u00f4tel le Homard Bleu<\/span>  <span class=\"meta-nav\">&rarr;<\/span><\/a><\/p>\n","protected":false},"author":1,"featured_media":1162,"comment_status":"open","ping_status":"open","sticky":false,"template":"","format":"standard","meta":{"footnotes":""},"categories":[81],"tags":[83,17,55,84],"class_list":["post-1157","post","type-post","status-publish","format-standard","has-post-thumbnail","hentry","category-hotel","tag-oleron","tag-renovation-2","tag-restructuration-totale","tag-vacances"],"_links":{"self":[{"href":"https:\/\/www.archib.net\/index.php?rest_route=\/wp\/v2\/posts\/1157","targetHints":{"allow":["GET"]}}],"collection":[{"href":"https:\/\/www.archib.net\/index.php?rest_route=\/wp\/v2\/posts"}],"about":[{"href":"https:\/\/www.archib.net\/index.php?rest_route=\/wp\/v2\/types\/post"}],"author":[{"embeddable":true,"href":"https:\/\/www.archib.net\/index.php?rest_route=\/wp\/v2\/users\/1"}],"replies":[{"embeddable":true,"href":"https:\/\/www.archib.net\/index.php?rest_route=%2Fwp%2Fv2%2Fcomments&post=1157"}],"version-history":[{"count":1,"href":"https:\/\/www.archib.net\/index.php?rest_route=\/wp\/v2\/posts\/1157\/revisions"}],"predecessor-version":[{"id":1160,"href":"https:\/\/www.archib.net\/index.php?rest_route=\/wp\/v2\/posts\/1157\/revisions\/1160"}],"wp:featuredmedia":[{"embeddable":true,"href":"https:\/\/www.archib.net\/index.php?rest_route=\/wp\/v2\/media\/1162"}],"wp:attachment":[{"href":"https:\/\/www.archib.net\/index.php?rest_route=%2Fwp%2Fv2%2Fmedia&parent=1157"}],"wp:term":[{"taxonomy":"category","embeddable":true,"href":"https:\/\/www.archib.net\/index.php?rest_route=%2Fwp%2Fv2%2Fcategories&post=1157"},{"taxonomy":"post_tag","embeddable":true,"href":"https:\/\/www.archib.net\/index.php?rest_route=%2Fwp%2Fv2%2Ftags&post=1157"}],"curies":[{"name":"wp","href":"https:\/\/api.w.org\/{rel}","templated":true}]}}