{"id":118,"date":"2012-01-07T13:49:51","date_gmt":"2012-01-07T13:49:51","guid":{"rendered":"http:\/\/www.archib.net\/?p=118"},"modified":"2012-01-07T17:41:15","modified_gmt":"2012-01-07T17:41:15","slug":"creche-n","status":"publish","type":"post","link":"https:\/\/www.archib.net\/?p=118","title":{"rendered":"CRECHE N."},"content":{"rendered":"<p>Projet r\u00e9alis\u00e9.<\/p>\n<p>Ce projet est la r\u00e9novation et la restructuration d&rsquo;une cr\u00e8che existante, avec la mise au norme des acc\u00e8s.<\/p>\n<p>Les espaces int\u00e9rieurs ont \u00e9t\u00e9 reli\u00e9s en d\u00e9molissant les murs, cr\u00e9ant ainsi de grands volumes adapt\u00e9s \u00e0 la fonction de ce lieu.<\/p>\n<p>Des couleurs vivent ont \u00e9t\u00e9 ajout\u00e9e pour \u00e9gayer les pi\u00e8ces.<\/p>\n<p><a href=\"http:\/\/www.archib.net\/wp-content\/uploads\/2012\/01\/CRECHE-N-PLAN-01.jpg\"><img loading=\"lazy\" decoding=\"async\" class=\"alignnone size-large wp-image-119\" title=\"PLAN\" src=\"http:\/\/www.archib.net\/wp-content\/uploads\/2012\/01\/CRECHE-N-PLAN-01-1024x724.jpg\" alt=\"\" width=\"627\" height=\"443\" srcset=\"https:\/\/www.archib.net\/wp-content\/uploads\/2012\/01\/CRECHE-N-PLAN-01-1024x724.jpg 1024w, https:\/\/www.archib.net\/wp-content\/uploads\/2012\/01\/CRECHE-N-PLAN-01-300x212.jpg 300w\" sizes=\"auto, (max-width: 627px) 100vw, 627px\" \/><\/a><\/p>\n<p><a href=\"http:\/\/www.archib.net\/wp-content\/uploads\/2012\/01\/CRECHE-N-WC-01.jpg\"><img loading=\"lazy\" decoding=\"async\" class=\"alignnone size-large wp-image-120\" title=\"SANITAIRES ENFANTS\" src=\"http:\/\/www.archib.net\/wp-content\/uploads\/2012\/01\/CRECHE-N-WC-01-1024x954.jpg\" alt=\"\" width=\"627\" height=\"584\" srcset=\"https:\/\/www.archib.net\/wp-content\/uploads\/2012\/01\/CRECHE-N-WC-01-1024x954.jpg 1024w, https:\/\/www.archib.net\/wp-content\/uploads\/2012\/01\/CRECHE-N-WC-01-300x279.jpg 300w\" sizes=\"auto, (max-width: 627px) 100vw, 627px\" \/><\/a><\/p>\n","protected":false},"excerpt":{"rendered":"<p>Projet r\u00e9alis\u00e9. Ce projet est la r\u00e9novation et la restructuration d&rsquo;une cr\u00e8che existante, avec la mise au norme des acc\u00e8s. Les espaces int\u00e9rieurs ont \u00e9t\u00e9 reli\u00e9s en d\u00e9molissant les murs, cr\u00e9ant ainsi de grands volumes adapt\u00e9s \u00e0 la fonction de ce lieu. Des couleurs vivent ont \u00e9t\u00e9 ajout\u00e9e pour \u00e9gayer les pi\u00e8ces.<\/p>\n","protected":false},"author":1,"featured_media":0,"comment_status":"closed","ping_status":"closed","sticky":false,"template":"","format":"standard","meta":{"footnotes":""},"categories":[20,19,15],"tags":[21,57,17],"class_list":["post-118","post","type-post","status-publish","format-standard","hentry","category-projets-realises","category-public","category-renovation","tag-creche","tag-public","tag-renovation-2"],"_links":{"self":[{"href":"https:\/\/www.archib.net\/index.php?rest_route=\/wp\/v2\/posts\/118","targetHints":{"allow":["GET"]}}],"collection":[{"href":"https:\/\/www.archib.net\/index.php?rest_route=\/wp\/v2\/posts"}],"about":[{"href":"https:\/\/www.archib.net\/index.php?rest_route=\/wp\/v2\/types\/post"}],"author":[{"embeddable":true,"href":"https:\/\/www.archib.net\/index.php?rest_route=\/wp\/v2\/users\/1"}],"replies":[{"embeddable":true,"href":"https:\/\/www.archib.net\/index.php?rest_route=%2Fwp%2Fv2%2Fcomments&post=118"}],"version-history":[{"count":4,"href":"https:\/\/www.archib.net\/index.php?rest_route=\/wp\/v2\/posts\/118\/revisions"}],"predecessor-version":[{"id":210,"href":"https:\/\/www.archib.net\/index.php?rest_route=\/wp\/v2\/posts\/118\/revisions\/210"}],"wp:attachment":[{"href":"https:\/\/www.archib.net\/index.php?rest_route=%2Fwp%2Fv2%2Fmedia&parent=118"}],"wp:term":[{"taxonomy":"category","embeddable":true,"href":"https:\/\/www.archib.net\/index.php?rest_route=%2Fwp%2Fv2%2Fcategories&post=118"},{"taxonomy":"post_tag","embeddable":true,"href":"https:\/\/www.archib.net\/index.php?rest_route=%2Fwp%2Fv2%2Ftags&post=118"}],"curies":[{"name":"wp","href":"https:\/\/api.w.org\/{rel}","templated":true}]}}