{"id":1197,"date":"2023-08-17T09:47:15","date_gmt":"2023-08-17T09:47:15","guid":{"rendered":"http:\/\/www.archib.net\/?p=1197"},"modified":"2025-10-08T15:49:32","modified_gmt":"2025-10-08T15:49:32","slug":"agrandissement-et-rafraichissement-dune-habitation-des-annees-90","status":"publish","type":"post","link":"https:\/\/www.archib.net\/?p=1197","title":{"rendered":"AGRANDISSEMENT ET RAFRAICHISSEMENT D&rsquo;UNE HABITATION DES ANN\u00c9ES 90"},"content":{"rendered":"\n<p>Sophie et Eric ont acquis en 2020 une habitation des ann\u00e9es 90, dans un environnement tr\u00e8s vert de La Rochelle.<\/p>\n\n\n\n<p>Cette maison \u00e9tait en plut\u00f4t bon \u00e9tat, et n&rsquo;avait pas \u00e9t\u00e9 modifi\u00e9e depuis la cr\u00e9ation. <\/p>\n\n\n\n<p>Au moment o\u00f9 les ma\u00eetres d&rsquo;ouvrage m&rsquo;ont contact\u00e9s, Sophie finissait une formation pour \u00eatre naturopathe, le programme n&rsquo;\u00e9tait donc pas seulement le rafraichissement de l&rsquo;existant, il fallait aussi cr\u00e9er un bureau pour accueillir les clients.<\/p>\n\n\n\n<p>Le projet s&rsquo;est donc orient\u00e9 sur la r\u00e9novation des espaces existants, la sur\u00e9l\u00e9vation d&rsquo;une partie de l&rsquo;\u00e9tage, car la configuration de la couverture ne permettait l&rsquo;usage que de petites surfaces \u00e0 l&rsquo;\u00e9tage, et un agrandissement sur rue englobant une partie de l&rsquo;habitation et le bureau de naturopathe.<\/p>\n\n\n\n<figure class=\"wp-block-image size-large\"><a href=\"http:\/\/www.archib.net\/wp-content\/uploads\/2023\/08\/IMG_6245-scaled.jpeg\"><img loading=\"lazy\" decoding=\"async\" width=\"1024\" height=\"768\" src=\"http:\/\/www.archib.net\/wp-content\/uploads\/2023\/08\/IMG_6245-1024x768.jpeg\" alt=\"\" class=\"wp-image-1249\" srcset=\"https:\/\/www.archib.net\/wp-content\/uploads\/2023\/08\/IMG_6245-1024x768.jpeg 1024w, https:\/\/www.archib.net\/wp-content\/uploads\/2023\/08\/IMG_6245-300x225.jpeg 300w, https:\/\/www.archib.net\/wp-content\/uploads\/2023\/08\/IMG_6245-768x576.jpeg 768w, https:\/\/www.archib.net\/wp-content\/uploads\/2023\/08\/IMG_6245-1536x1152.jpeg 1536w, https:\/\/www.archib.net\/wp-content\/uploads\/2023\/08\/IMG_6245-2048x1536.jpeg 2048w\" sizes=\"auto, (max-width: 1024px) 100vw, 1024px\" \/><\/a><figcaption class=\"wp-element-caption\">fa\u00e7ade initiale sur rue<\/figcaption><\/figure>\n\n\n\n<p>Voici la fa\u00e7ade sur rue, ci-dessus, avant les travaux, et ci-dessous, apr\u00e8s. L&rsquo;agrandissement re\u00e7oit un bardage bois vertical, \u00e0 claire voie.<\/p>\n\n\n\n<figure class=\"wp-block-image size-large\"><a href=\"http:\/\/www.archib.net\/wp-content\/uploads\/2023\/08\/IMG_2475-scaled.jpg\"><img loading=\"lazy\" decoding=\"async\" width=\"1024\" height=\"768\" src=\"http:\/\/www.archib.net\/wp-content\/uploads\/2023\/08\/IMG_2475-1024x768.jpg\" alt=\"\" class=\"wp-image-1258\" srcset=\"https:\/\/www.archib.net\/wp-content\/uploads\/2023\/08\/IMG_2475-1024x768.jpg 1024w, https:\/\/www.archib.net\/wp-content\/uploads\/2023\/08\/IMG_2475-300x225.jpg 300w, https:\/\/www.archib.net\/wp-content\/uploads\/2023\/08\/IMG_2475-768x576.jpg 768w, https:\/\/www.archib.net\/wp-content\/uploads\/2023\/08\/IMG_2475-1536x1152.jpg 1536w, https:\/\/www.archib.net\/wp-content\/uploads\/2023\/08\/IMG_2475-2048x1536.jpg 2048w\" sizes=\"auto, (max-width: 1024px) 100vw, 1024px\" \/><\/a><figcaption class=\"wp-element-caption\">fa\u00e7ade sur rue apr\u00e8s travaux<\/figcaption><\/figure>\n\n\n\n<p>Les volumes sur le jardin ont fortement \u00e9t\u00e9 modifi\u00e9s aussi:<\/p>\n\n\n\n<figure class=\"wp-block-image size-large\"><a href=\"http:\/\/www.archib.net\/wp-content\/uploads\/2023\/08\/IMG_6224-scaled.jpeg\"><img loading=\"lazy\" decoding=\"async\" width=\"1024\" height=\"768\" src=\"http:\/\/www.archib.net\/wp-content\/uploads\/2023\/08\/IMG_6224-1024x768.jpeg\" alt=\"\" class=\"wp-image-1239\" srcset=\"https:\/\/www.archib.net\/wp-content\/uploads\/2023\/08\/IMG_6224-1024x768.jpeg 1024w, https:\/\/www.archib.net\/wp-content\/uploads\/2023\/08\/IMG_6224-300x225.jpeg 300w, https:\/\/www.archib.net\/wp-content\/uploads\/2023\/08\/IMG_6224-768x576.jpeg 768w, https:\/\/www.archib.net\/wp-content\/uploads\/2023\/08\/IMG_6224-1536x1152.jpeg 1536w, https:\/\/www.archib.net\/wp-content\/uploads\/2023\/08\/IMG_6224-2048x1536.jpeg 2048w\" sizes=\"auto, (max-width: 1024px) 100vw, 1024px\" \/><\/a><figcaption class=\"wp-element-caption\">fa\u00e7ade sur jardin initiale<\/figcaption><\/figure>\n\n\n\n<p>Une partie de la couverture a \u00e9t\u00e9 conserv\u00e9e, et une sur\u00e9l\u00e9vation partielle permet d&rsquo;avoir une chambre de plus et une petite salle d&rsquo;eau. La chambre cr\u00e9\u00e9e donne sur le jardin et b\u00e9n\u00e9ficie d&rsquo;une terrasse. Cette terrasse sert aussi de pr\u00e9au, cr\u00e9ant ainsi un espace couvert pour profiter du jardin par tous temps.<\/p>\n\n\n\n<figure class=\"wp-block-image size-large\"><a href=\"http:\/\/www.archib.net\/wp-content\/uploads\/2023\/08\/09__COS5529-2-scaled.jpg\"><img loading=\"lazy\" decoding=\"async\" width=\"1024\" height=\"682\" src=\"http:\/\/www.archib.net\/wp-content\/uploads\/2023\/08\/09__COS5529-2-1024x682.jpg\" alt=\"\" class=\"wp-image-1207\" srcset=\"https:\/\/www.archib.net\/wp-content\/uploads\/2023\/08\/09__COS5529-2-1024x682.jpg 1024w, https:\/\/www.archib.net\/wp-content\/uploads\/2023\/08\/09__COS5529-2-300x200.jpg 300w, https:\/\/www.archib.net\/wp-content\/uploads\/2023\/08\/09__COS5529-2-768x511.jpg 768w, https:\/\/www.archib.net\/wp-content\/uploads\/2023\/08\/09__COS5529-2-1536x1022.jpg 1536w, https:\/\/www.archib.net\/wp-content\/uploads\/2023\/08\/09__COS5529-2-2048x1363.jpg 2048w\" sizes=\"auto, (max-width: 1024px) 100vw, 1024px\" \/><\/a><\/figure>\n\n\n\n<figure class=\"wp-block-image size-large\"><a href=\"http:\/\/www.archib.net\/wp-content\/uploads\/2023\/08\/13__COS5379-scaled.jpg\"><img loading=\"lazy\" decoding=\"async\" width=\"1024\" height=\"682\" src=\"http:\/\/www.archib.net\/wp-content\/uploads\/2023\/08\/13__COS5379-1024x682.jpg\" alt=\"\" class=\"wp-image-1211\" srcset=\"https:\/\/www.archib.net\/wp-content\/uploads\/2023\/08\/13__COS5379-1024x682.jpg 1024w, https:\/\/www.archib.net\/wp-content\/uploads\/2023\/08\/13__COS5379-300x200.jpg 300w, https:\/\/www.archib.net\/wp-content\/uploads\/2023\/08\/13__COS5379-768x511.jpg 768w, https:\/\/www.archib.net\/wp-content\/uploads\/2023\/08\/13__COS5379-1536x1022.jpg 1536w, https:\/\/www.archib.net\/wp-content\/uploads\/2023\/08\/13__COS5379-2048x1363.jpg 2048w\" sizes=\"auto, (max-width: 1024px) 100vw, 1024px\" \/><\/a><\/figure>\n\n\n\n<figure class=\"wp-block-image size-large\"><a href=\"http:\/\/www.archib.net\/wp-content\/uploads\/2023\/08\/11__COS5356-scaled.jpg\"><img loading=\"lazy\" decoding=\"async\" width=\"1024\" height=\"682\" src=\"http:\/\/www.archib.net\/wp-content\/uploads\/2023\/08\/11__COS5356-1024x682.jpg\" alt=\"\" class=\"wp-image-1198\" srcset=\"https:\/\/www.archib.net\/wp-content\/uploads\/2023\/08\/11__COS5356-1024x682.jpg 1024w, https:\/\/www.archib.net\/wp-content\/uploads\/2023\/08\/11__COS5356-300x200.jpg 300w, https:\/\/www.archib.net\/wp-content\/uploads\/2023\/08\/11__COS5356-768x511.jpg 768w, https:\/\/www.archib.net\/wp-content\/uploads\/2023\/08\/11__COS5356-1536x1022.jpg 1536w, https:\/\/www.archib.net\/wp-content\/uploads\/2023\/08\/11__COS5356-2048x1363.jpg 2048w\" sizes=\"auto, (max-width: 1024px) 100vw, 1024px\" \/><\/a><\/figure>\n\n\n\n<figure class=\"wp-block-image size-large\"><a href=\"http:\/\/www.archib.net\/wp-content\/uploads\/2023\/08\/03__COS5429-scaled.jpg\"><img loading=\"lazy\" decoding=\"async\" width=\"1024\" height=\"682\" src=\"http:\/\/www.archib.net\/wp-content\/uploads\/2023\/08\/03__COS5429-1024x682.jpg\" alt=\"\" class=\"wp-image-1205\" srcset=\"https:\/\/www.archib.net\/wp-content\/uploads\/2023\/08\/03__COS5429-1024x682.jpg 1024w, https:\/\/www.archib.net\/wp-content\/uploads\/2023\/08\/03__COS5429-300x200.jpg 300w, https:\/\/www.archib.net\/wp-content\/uploads\/2023\/08\/03__COS5429-768x511.jpg 768w, https:\/\/www.archib.net\/wp-content\/uploads\/2023\/08\/03__COS5429-1536x1022.jpg 1536w, https:\/\/www.archib.net\/wp-content\/uploads\/2023\/08\/03__COS5429-2048x1363.jpg 2048w\" sizes=\"auto, (max-width: 1024px) 100vw, 1024px\" \/><\/a><\/figure>\n\n\n\n<figure class=\"wp-block-image size-large\"><a href=\"http:\/\/www.archib.net\/wp-content\/uploads\/2023\/08\/61__COS5966-scaled.jpg\"><img loading=\"lazy\" decoding=\"async\" width=\"1024\" height=\"682\" src=\"http:\/\/www.archib.net\/wp-content\/uploads\/2023\/08\/61__COS5966-1024x682.jpg\" alt=\"\" class=\"wp-image-1216\" srcset=\"https:\/\/www.archib.net\/wp-content\/uploads\/2023\/08\/61__COS5966-1024x682.jpg 1024w, https:\/\/www.archib.net\/wp-content\/uploads\/2023\/08\/61__COS5966-300x200.jpg 300w, https:\/\/www.archib.net\/wp-content\/uploads\/2023\/08\/61__COS5966-768x511.jpg 768w, https:\/\/www.archib.net\/wp-content\/uploads\/2023\/08\/61__COS5966-1536x1022.jpg 1536w, https:\/\/www.archib.net\/wp-content\/uploads\/2023\/08\/61__COS5966-2048x1363.jpg 2048w\" sizes=\"auto, (max-width: 1024px) 100vw, 1024px\" \/><\/a><\/figure>\n\n\n\n<figure class=\"wp-block-image size-large\"><a href=\"http:\/\/www.archib.net\/wp-content\/uploads\/2023\/08\/54__COS5872-scaled.jpg\"><img loading=\"lazy\" decoding=\"async\" width=\"1024\" height=\"682\" src=\"http:\/\/www.archib.net\/wp-content\/uploads\/2023\/08\/54__COS5872-1024x682.jpg\" alt=\"\" class=\"wp-image-1223\" srcset=\"https:\/\/www.archib.net\/wp-content\/uploads\/2023\/08\/54__COS5872-1024x682.jpg 1024w, https:\/\/www.archib.net\/wp-content\/uploads\/2023\/08\/54__COS5872-300x200.jpg 300w, https:\/\/www.archib.net\/wp-content\/uploads\/2023\/08\/54__COS5872-768x511.jpg 768w, https:\/\/www.archib.net\/wp-content\/uploads\/2023\/08\/54__COS5872-1536x1022.jpg 1536w, https:\/\/www.archib.net\/wp-content\/uploads\/2023\/08\/54__COS5872-2048x1363.jpg 2048w\" sizes=\"auto, (max-width: 1024px) 100vw, 1024px\" \/><\/a><\/figure>\n\n\n\n<figure class=\"wp-block-image size-large\"><a href=\"http:\/\/www.archib.net\/wp-content\/uploads\/2023\/08\/59__COS5806-scaled.jpg\"><img loading=\"lazy\" decoding=\"async\" width=\"1024\" height=\"682\" src=\"http:\/\/www.archib.net\/wp-content\/uploads\/2023\/08\/59__COS5806-1024x682.jpg\" alt=\"\" class=\"wp-image-1233\" srcset=\"https:\/\/www.archib.net\/wp-content\/uploads\/2023\/08\/59__COS5806-1024x682.jpg 1024w, https:\/\/www.archib.net\/wp-content\/uploads\/2023\/08\/59__COS5806-300x200.jpg 300w, https:\/\/www.archib.net\/wp-content\/uploads\/2023\/08\/59__COS5806-768x511.jpg 768w, https:\/\/www.archib.net\/wp-content\/uploads\/2023\/08\/59__COS5806-1536x1022.jpg 1536w, https:\/\/www.archib.net\/wp-content\/uploads\/2023\/08\/59__COS5806-2048x1363.jpg 2048w\" sizes=\"auto, (max-width: 1024px) 100vw, 1024px\" \/><\/a><\/figure>\n\n\n\n<p>Les espaces int\u00e9rieurs ont \u00e9t\u00e9 r\u00e9nov\u00e9s, la cuisine a \u00e9t\u00e9 refaite, mais surtout une ouverture plus grande vers le s\u00e9jour rend l&rsquo;espace plus agr\u00e9able.<\/p>\n\n\n\n<figure class=\"wp-block-image size-large\"><a href=\"http:\/\/www.archib.net\/wp-content\/uploads\/2023\/08\/IMG_6232-scaled.jpeg\"><img loading=\"lazy\" decoding=\"async\" width=\"768\" height=\"1024\" src=\"http:\/\/www.archib.net\/wp-content\/uploads\/2023\/08\/IMG_6232-768x1024.jpeg\" alt=\"\" class=\"wp-image-1245\" srcset=\"https:\/\/www.archib.net\/wp-content\/uploads\/2023\/08\/IMG_6232-768x1024.jpeg 768w, https:\/\/www.archib.net\/wp-content\/uploads\/2023\/08\/IMG_6232-225x300.jpeg 225w, https:\/\/www.archib.net\/wp-content\/uploads\/2023\/08\/IMG_6232-1152x1536.jpeg 1152w, https:\/\/www.archib.net\/wp-content\/uploads\/2023\/08\/IMG_6232-1536x2048.jpeg 1536w, https:\/\/www.archib.net\/wp-content\/uploads\/2023\/08\/IMG_6232-scaled.jpeg 1920w\" sizes=\"auto, (max-width: 768px) 100vw, 768px\" \/><\/a><figcaption class=\"wp-element-caption\">vue du s\u00e9jour vers la cuisine avant travaux<\/figcaption><\/figure>\n\n\n\n<figure class=\"wp-block-image size-large\"><a href=\"http:\/\/www.archib.net\/wp-content\/uploads\/2023\/08\/17__COS5554-scaled.jpg\"><img loading=\"lazy\" decoding=\"async\" width=\"1024\" height=\"682\" src=\"http:\/\/www.archib.net\/wp-content\/uploads\/2023\/08\/17__COS5554-1024x682.jpg\" alt=\"\" class=\"wp-image-1217\" srcset=\"https:\/\/www.archib.net\/wp-content\/uploads\/2023\/08\/17__COS5554-1024x682.jpg 1024w, https:\/\/www.archib.net\/wp-content\/uploads\/2023\/08\/17__COS5554-300x200.jpg 300w, https:\/\/www.archib.net\/wp-content\/uploads\/2023\/08\/17__COS5554-768x511.jpg 768w, https:\/\/www.archib.net\/wp-content\/uploads\/2023\/08\/17__COS5554-1536x1022.jpg 1536w, https:\/\/www.archib.net\/wp-content\/uploads\/2023\/08\/17__COS5554-2048x1363.jpg 2048w\" sizes=\"auto, (max-width: 1024px) 100vw, 1024px\" \/><\/a><figcaption class=\"wp-element-caption\">vue du s\u00e9jour vers la cuisine apr\u00e8s travaux.<\/figcaption><\/figure>\n\n\n\n<figure class=\"wp-block-image size-large\"><a href=\"http:\/\/www.archib.net\/wp-content\/uploads\/2023\/08\/18__COS5563-scaled.jpg\"><img loading=\"lazy\" decoding=\"async\" width=\"1024\" height=\"682\" src=\"http:\/\/www.archib.net\/wp-content\/uploads\/2023\/08\/18__COS5563-1024x682.jpg\" alt=\"\" class=\"wp-image-1225\" srcset=\"https:\/\/www.archib.net\/wp-content\/uploads\/2023\/08\/18__COS5563-1024x682.jpg 1024w, https:\/\/www.archib.net\/wp-content\/uploads\/2023\/08\/18__COS5563-300x200.jpg 300w, https:\/\/www.archib.net\/wp-content\/uploads\/2023\/08\/18__COS5563-768x511.jpg 768w, https:\/\/www.archib.net\/wp-content\/uploads\/2023\/08\/18__COS5563-1536x1022.jpg 1536w, https:\/\/www.archib.net\/wp-content\/uploads\/2023\/08\/18__COS5563-2048x1363.jpg 2048w\" sizes=\"auto, (max-width: 1024px) 100vw, 1024px\" \/><\/a><figcaption class=\"wp-element-caption\">vue du s\u00e9jour vers cuisine et entr\u00e9e<\/figcaption><\/figure>\n\n\n\n<figure class=\"wp-block-image size-large\"><a href=\"http:\/\/www.archib.net\/wp-content\/uploads\/2023\/08\/21__COS5583-scaled.jpg\"><img loading=\"lazy\" decoding=\"async\" width=\"1024\" height=\"682\" src=\"http:\/\/www.archib.net\/wp-content\/uploads\/2023\/08\/21__COS5583-1024x682.jpg\" alt=\"\" class=\"wp-image-1229\" srcset=\"https:\/\/www.archib.net\/wp-content\/uploads\/2023\/08\/21__COS5583-1024x682.jpg 1024w, https:\/\/www.archib.net\/wp-content\/uploads\/2023\/08\/21__COS5583-300x200.jpg 300w, https:\/\/www.archib.net\/wp-content\/uploads\/2023\/08\/21__COS5583-768x511.jpg 768w, https:\/\/www.archib.net\/wp-content\/uploads\/2023\/08\/21__COS5583-1536x1022.jpg 1536w, https:\/\/www.archib.net\/wp-content\/uploads\/2023\/08\/21__COS5583-2048x1363.jpg 2048w\" sizes=\"auto, (max-width: 1024px) 100vw, 1024px\" \/><\/a><figcaption class=\"wp-element-caption\">vue de l&rsquo;ouverture de la cuisine sur le s\u00e9jour<\/figcaption><\/figure>\n\n\n\n<figure class=\"wp-block-image size-large\"><a href=\"http:\/\/www.archib.net\/wp-content\/uploads\/2023\/08\/23__COS5600-scaled.jpg\"><img loading=\"lazy\" decoding=\"async\" width=\"1024\" height=\"682\" src=\"http:\/\/www.archib.net\/wp-content\/uploads\/2023\/08\/23__COS5600-1024x682.jpg\" alt=\"\" class=\"wp-image-1226\" srcset=\"https:\/\/www.archib.net\/wp-content\/uploads\/2023\/08\/23__COS5600-1024x682.jpg 1024w, https:\/\/www.archib.net\/wp-content\/uploads\/2023\/08\/23__COS5600-300x200.jpg 300w, https:\/\/www.archib.net\/wp-content\/uploads\/2023\/08\/23__COS5600-768x511.jpg 768w, https:\/\/www.archib.net\/wp-content\/uploads\/2023\/08\/23__COS5600-1536x1022.jpg 1536w, https:\/\/www.archib.net\/wp-content\/uploads\/2023\/08\/23__COS5600-2048x1363.jpg 2048w\" sizes=\"auto, (max-width: 1024px) 100vw, 1024px\" \/><\/a><figcaption class=\"wp-element-caption\">la cuisine<\/figcaption><\/figure>\n\n\n\n<p>Et vous l&rsquo;aurez remarqu\u00e9 sur les pr\u00e9c\u00e9dentes photos, Sophie et Eric, les ma\u00eetres d&rsquo;ouvrage, ont particuli\u00e8rement bien soign\u00e9 leur d\u00e9coration, voici les autres pi\u00e8ces:<\/p>\n\n\n\n<figure class=\"wp-block-image size-large\"><a href=\"http:\/\/www.archib.net\/wp-content\/uploads\/2023\/08\/28__COS5485-scaled.jpg\"><img loading=\"lazy\" decoding=\"async\" width=\"682\" height=\"1024\" src=\"http:\/\/www.archib.net\/wp-content\/uploads\/2023\/08\/28__COS5485-682x1024.jpg\" alt=\"\" class=\"wp-image-1227\" srcset=\"https:\/\/www.archib.net\/wp-content\/uploads\/2023\/08\/28__COS5485-682x1024.jpg 682w, https:\/\/www.archib.net\/wp-content\/uploads\/2023\/08\/28__COS5485-200x300.jpg 200w, https:\/\/www.archib.net\/wp-content\/uploads\/2023\/08\/28__COS5485-768x1154.jpg 768w, https:\/\/www.archib.net\/wp-content\/uploads\/2023\/08\/28__COS5485-1022x1536.jpg 1022w, https:\/\/www.archib.net\/wp-content\/uploads\/2023\/08\/28__COS5485-1363x2048.jpg 1363w, https:\/\/www.archib.net\/wp-content\/uploads\/2023\/08\/28__COS5485-scaled.jpg 1704w\" sizes=\"auto, (max-width: 682px) 100vw, 682px\" \/><\/a><figcaption class=\"wp-element-caption\">la salle de bain<\/figcaption><\/figure>\n\n\n\n<figure class=\"wp-block-image size-large\"><a href=\"http:\/\/www.archib.net\/wp-content\/uploads\/2023\/08\/26__COS5480-scaled.jpg\"><img loading=\"lazy\" decoding=\"async\" width=\"1024\" height=\"682\" src=\"http:\/\/www.archib.net\/wp-content\/uploads\/2023\/08\/26__COS5480-1024x682.jpg\" alt=\"\" class=\"wp-image-1215\" srcset=\"https:\/\/www.archib.net\/wp-content\/uploads\/2023\/08\/26__COS5480-1024x682.jpg 1024w, https:\/\/www.archib.net\/wp-content\/uploads\/2023\/08\/26__COS5480-300x200.jpg 300w, https:\/\/www.archib.net\/wp-content\/uploads\/2023\/08\/26__COS5480-768x511.jpg 768w, https:\/\/www.archib.net\/wp-content\/uploads\/2023\/08\/26__COS5480-1536x1022.jpg 1536w, https:\/\/www.archib.net\/wp-content\/uploads\/2023\/08\/26__COS5480-2048x1363.jpg 2048w\" sizes=\"auto, (max-width: 1024px) 100vw, 1024px\" \/><\/a><\/figure>\n\n\n\n<figure class=\"wp-block-image size-large\"><a href=\"http:\/\/www.archib.net\/wp-content\/uploads\/2023\/08\/30__COS5489-scaled.jpg\"><img loading=\"lazy\" decoding=\"async\" width=\"1024\" height=\"682\" src=\"http:\/\/www.archib.net\/wp-content\/uploads\/2023\/08\/30__COS5489-1024x682.jpg\" alt=\"\" class=\"wp-image-1202\" srcset=\"https:\/\/www.archib.net\/wp-content\/uploads\/2023\/08\/30__COS5489-1024x682.jpg 1024w, https:\/\/www.archib.net\/wp-content\/uploads\/2023\/08\/30__COS5489-300x200.jpg 300w, https:\/\/www.archib.net\/wp-content\/uploads\/2023\/08\/30__COS5489-768x511.jpg 768w, https:\/\/www.archib.net\/wp-content\/uploads\/2023\/08\/30__COS5489-1536x1022.jpg 1536w, https:\/\/www.archib.net\/wp-content\/uploads\/2023\/08\/30__COS5489-2048x1363.jpg 2048w\" sizes=\"auto, (max-width: 1024px) 100vw, 1024px\" \/><\/a><\/figure>\n\n\n\n<figure class=\"wp-block-image size-large\"><a href=\"http:\/\/www.archib.net\/wp-content\/uploads\/2023\/08\/24__COS5472-scaled.jpg\"><img loading=\"lazy\" decoding=\"async\" width=\"1024\" height=\"682\" src=\"http:\/\/www.archib.net\/wp-content\/uploads\/2023\/08\/24__COS5472-1024x682.jpg\" alt=\"\" class=\"wp-image-1212\" srcset=\"https:\/\/www.archib.net\/wp-content\/uploads\/2023\/08\/24__COS5472-1024x682.jpg 1024w, https:\/\/www.archib.net\/wp-content\/uploads\/2023\/08\/24__COS5472-300x200.jpg 300w, https:\/\/www.archib.net\/wp-content\/uploads\/2023\/08\/24__COS5472-768x511.jpg 768w, https:\/\/www.archib.net\/wp-content\/uploads\/2023\/08\/24__COS5472-1536x1022.jpg 1536w, https:\/\/www.archib.net\/wp-content\/uploads\/2023\/08\/24__COS5472-2048x1363.jpg 2048w\" sizes=\"auto, (max-width: 1024px) 100vw, 1024px\" \/><\/a><figcaption class=\"wp-element-caption\">la chambre principale (qui est connect\u00e9e \u00e0 la salle d&rsquo;eau par un dressing)<\/figcaption><\/figure>\n\n\n\n<figure class=\"wp-block-image size-large\"><a href=\"http:\/\/www.archib.net\/wp-content\/uploads\/2023\/08\/40__COS5637-scaled.jpg\"><img loading=\"lazy\" decoding=\"async\" width=\"1024\" height=\"682\" src=\"http:\/\/www.archib.net\/wp-content\/uploads\/2023\/08\/40__COS5637-1024x682.jpg\" alt=\"\" class=\"wp-image-1220\" srcset=\"https:\/\/www.archib.net\/wp-content\/uploads\/2023\/08\/40__COS5637-1024x682.jpg 1024w, https:\/\/www.archib.net\/wp-content\/uploads\/2023\/08\/40__COS5637-300x200.jpg 300w, https:\/\/www.archib.net\/wp-content\/uploads\/2023\/08\/40__COS5637-768x511.jpg 768w, https:\/\/www.archib.net\/wp-content\/uploads\/2023\/08\/40__COS5637-1536x1022.jpg 1536w, https:\/\/www.archib.net\/wp-content\/uploads\/2023\/08\/40__COS5637-2048x1363.jpg 2048w\" sizes=\"auto, (max-width: 1024px) 100vw, 1024px\" \/><\/a><figcaption class=\"wp-element-caption\">chambre et bureau, dans la sur\u00e9l\u00e9vation, donnant sur rue<\/figcaption><\/figure>\n\n\n\n<figure class=\"wp-block-image size-large\"><a href=\"http:\/\/www.archib.net\/wp-content\/uploads\/2023\/08\/44__COS5690-scaled.jpg\"><img loading=\"lazy\" decoding=\"async\" width=\"1024\" height=\"682\" src=\"http:\/\/www.archib.net\/wp-content\/uploads\/2023\/08\/44__COS5690-1024x682.jpg\" alt=\"\" class=\"wp-image-1203\" srcset=\"https:\/\/www.archib.net\/wp-content\/uploads\/2023\/08\/44__COS5690-1024x682.jpg 1024w, https:\/\/www.archib.net\/wp-content\/uploads\/2023\/08\/44__COS5690-300x200.jpg 300w, https:\/\/www.archib.net\/wp-content\/uploads\/2023\/08\/44__COS5690-768x511.jpg 768w, https:\/\/www.archib.net\/wp-content\/uploads\/2023\/08\/44__COS5690-1536x1022.jpg 1536w, https:\/\/www.archib.net\/wp-content\/uploads\/2023\/08\/44__COS5690-2048x1363.jpg 2048w\" sizes=\"auto, (max-width: 1024px) 100vw, 1024px\" \/><\/a><figcaption class=\"wp-element-caption\">Petite chambre \u00e0 l&rsquo;\u00e9tage, dans la partie non sur\u00e9lev\u00e9e, seule la d\u00e9coration a \u00e9t\u00e9 refaite, et la menuiserie remplac\u00e9e comme pour le reste de l&rsquo;existant.<\/figcaption><\/figure>\n\n\n\n<figure class=\"wp-block-image size-large\"><a href=\"http:\/\/www.archib.net\/wp-content\/uploads\/2023\/08\/35__COS5623-scaled.jpg\"><img loading=\"lazy\" decoding=\"async\" width=\"1024\" height=\"682\" src=\"http:\/\/www.archib.net\/wp-content\/uploads\/2023\/08\/35__COS5623-1024x682.jpg\" alt=\"\" class=\"wp-image-1222\" srcset=\"https:\/\/www.archib.net\/wp-content\/uploads\/2023\/08\/35__COS5623-1024x682.jpg 1024w, https:\/\/www.archib.net\/wp-content\/uploads\/2023\/08\/35__COS5623-300x200.jpg 300w, https:\/\/www.archib.net\/wp-content\/uploads\/2023\/08\/35__COS5623-768x511.jpg 768w, https:\/\/www.archib.net\/wp-content\/uploads\/2023\/08\/35__COS5623-1536x1022.jpg 1536w, https:\/\/www.archib.net\/wp-content\/uploads\/2023\/08\/35__COS5623-2048x1363.jpg 2048w\" sizes=\"auto, (max-width: 1024px) 100vw, 1024px\" \/><\/a><figcaption class=\"wp-element-caption\">chambre cr\u00e9\u00e9e gr\u00e2ce \u00e0 la sur\u00e9l\u00e9vation, donnant sur la terrasse qui elle m\u00eame donne sur le jardin<\/figcaption><\/figure>\n\n\n\n<figure class=\"wp-block-image size-large\"><a href=\"http:\/\/www.archib.net\/wp-content\/uploads\/2023\/08\/36__COS5833-scaled.jpg\"><img loading=\"lazy\" decoding=\"async\" width=\"1024\" height=\"682\" src=\"http:\/\/www.archib.net\/wp-content\/uploads\/2023\/08\/36__COS5833-1024x682.jpg\" alt=\"\" class=\"wp-image-1219\" srcset=\"https:\/\/www.archib.net\/wp-content\/uploads\/2023\/08\/36__COS5833-1024x682.jpg 1024w, https:\/\/www.archib.net\/wp-content\/uploads\/2023\/08\/36__COS5833-300x200.jpg 300w, https:\/\/www.archib.net\/wp-content\/uploads\/2023\/08\/36__COS5833-768x511.jpg 768w, https:\/\/www.archib.net\/wp-content\/uploads\/2023\/08\/36__COS5833-1536x1022.jpg 1536w, https:\/\/www.archib.net\/wp-content\/uploads\/2023\/08\/36__COS5833-2048x1363.jpg 2048w\" sizes=\"auto, (max-width: 1024px) 100vw, 1024px\" \/><\/a><figcaption class=\"wp-element-caption\">vue sur la terrasse de l&rsquo;\u00e9tage, donnant sur le jardin<\/figcaption><\/figure>\n\n\n\n<figure class=\"wp-block-image size-large\"><a href=\"http:\/\/www.archib.net\/wp-content\/uploads\/2023\/08\/14__COS5432-scaled.jpg\"><img loading=\"lazy\" decoding=\"async\" width=\"1024\" height=\"682\" src=\"http:\/\/www.archib.net\/wp-content\/uploads\/2023\/08\/14__COS5432-1024x682.jpg\" alt=\"\" class=\"wp-image-1221\" srcset=\"https:\/\/www.archib.net\/wp-content\/uploads\/2023\/08\/14__COS5432-1024x682.jpg 1024w, https:\/\/www.archib.net\/wp-content\/uploads\/2023\/08\/14__COS5432-300x200.jpg 300w, https:\/\/www.archib.net\/wp-content\/uploads\/2023\/08\/14__COS5432-768x511.jpg 768w, https:\/\/www.archib.net\/wp-content\/uploads\/2023\/08\/14__COS5432-1536x1022.jpg 1536w, https:\/\/www.archib.net\/wp-content\/uploads\/2023\/08\/14__COS5432-2048x1363.jpg 2048w\" sizes=\"auto, (max-width: 1024px) 100vw, 1024px\" \/><\/a><figcaption class=\"wp-element-caption\">la terrasse de l&rsquo;\u00e9tage, sur jardin<\/figcaption><\/figure>\n\n\n\n<figure class=\"wp-block-image size-large\"><a href=\"http:\/\/www.archib.net\/wp-content\/uploads\/2023\/08\/38__COS5629-scaled.jpg\"><img loading=\"lazy\" decoding=\"async\" width=\"1024\" height=\"682\" src=\"http:\/\/www.archib.net\/wp-content\/uploads\/2023\/08\/38__COS5629-1024x682.jpg\" alt=\"\" class=\"wp-image-1213\" srcset=\"https:\/\/www.archib.net\/wp-content\/uploads\/2023\/08\/38__COS5629-1024x682.jpg 1024w, https:\/\/www.archib.net\/wp-content\/uploads\/2023\/08\/38__COS5629-300x200.jpg 300w, https:\/\/www.archib.net\/wp-content\/uploads\/2023\/08\/38__COS5629-768x511.jpg 768w, https:\/\/www.archib.net\/wp-content\/uploads\/2023\/08\/38__COS5629-1536x1022.jpg 1536w, https:\/\/www.archib.net\/wp-content\/uploads\/2023\/08\/38__COS5629-2048x1363.jpg 2048w\" sizes=\"auto, (max-width: 1024px) 100vw, 1024px\" \/><\/a><figcaption class=\"wp-element-caption\">la sur\u00e9l\u00e9vation au permis la cr\u00e9ation d&rsquo;une petite salle d&rsquo;eau.<\/figcaption><\/figure>\n\n\n\n<figure class=\"wp-block-image size-large\"><a href=\"http:\/\/www.archib.net\/wp-content\/uploads\/2023\/08\/39__COS5633-scaled.jpg\"><img loading=\"lazy\" decoding=\"async\" width=\"682\" height=\"1024\" src=\"http:\/\/www.archib.net\/wp-content\/uploads\/2023\/08\/39__COS5633-682x1024.jpg\" alt=\"\" class=\"wp-image-1228\" srcset=\"https:\/\/www.archib.net\/wp-content\/uploads\/2023\/08\/39__COS5633-682x1024.jpg 682w, https:\/\/www.archib.net\/wp-content\/uploads\/2023\/08\/39__COS5633-200x300.jpg 200w, https:\/\/www.archib.net\/wp-content\/uploads\/2023\/08\/39__COS5633-768x1154.jpg 768w, https:\/\/www.archib.net\/wp-content\/uploads\/2023\/08\/39__COS5633-1022x1536.jpg 1022w, https:\/\/www.archib.net\/wp-content\/uploads\/2023\/08\/39__COS5633-1363x2048.jpg 1363w, https:\/\/www.archib.net\/wp-content\/uploads\/2023\/08\/39__COS5633-scaled.jpg 1704w\" sizes=\"auto, (max-width: 682px) 100vw, 682px\" \/><\/a><figcaption class=\"wp-element-caption\">et d&rsquo;un wc ind\u00e9pendant<\/figcaption><\/figure>\n\n\n\n<figure class=\"wp-block-image size-large\"><a href=\"http:\/\/www.archib.net\/wp-content\/uploads\/2023\/08\/65__COS5757-scaled.jpg\"><img loading=\"lazy\" decoding=\"async\" width=\"1024\" height=\"682\" src=\"http:\/\/www.archib.net\/wp-content\/uploads\/2023\/08\/65__COS5757-1024x682.jpg\" alt=\"\" class=\"wp-image-1199\" srcset=\"https:\/\/www.archib.net\/wp-content\/uploads\/2023\/08\/65__COS5757-1024x682.jpg 1024w, https:\/\/www.archib.net\/wp-content\/uploads\/2023\/08\/65__COS5757-300x200.jpg 300w, https:\/\/www.archib.net\/wp-content\/uploads\/2023\/08\/65__COS5757-768x511.jpg 768w, https:\/\/www.archib.net\/wp-content\/uploads\/2023\/08\/65__COS5757-1536x1022.jpg 1536w, https:\/\/www.archib.net\/wp-content\/uploads\/2023\/08\/65__COS5757-2048x1363.jpg 2048w\" sizes=\"auto, (max-width: 1024px) 100vw, 1024px\" \/><\/a><figcaption class=\"wp-element-caption\">l&rsquo;espace professionnel<\/figcaption><\/figure>\n\n\n\n<figure class=\"wp-block-image size-large\"><a href=\"http:\/\/www.archib.net\/wp-content\/uploads\/2023\/08\/66__COS5764-scaled.jpg\"><img loading=\"lazy\" decoding=\"async\" width=\"1024\" height=\"682\" src=\"http:\/\/www.archib.net\/wp-content\/uploads\/2023\/08\/66__COS5764-1024x682.jpg\" alt=\"\" class=\"wp-image-1230\" srcset=\"https:\/\/www.archib.net\/wp-content\/uploads\/2023\/08\/66__COS5764-1024x682.jpg 1024w, https:\/\/www.archib.net\/wp-content\/uploads\/2023\/08\/66__COS5764-300x200.jpg 300w, https:\/\/www.archib.net\/wp-content\/uploads\/2023\/08\/66__COS5764-768x511.jpg 768w, https:\/\/www.archib.net\/wp-content\/uploads\/2023\/08\/66__COS5764-1536x1022.jpg 1536w, https:\/\/www.archib.net\/wp-content\/uploads\/2023\/08\/66__COS5764-2048x1363.jpg 2048w\" sizes=\"auto, (max-width: 1024px) 100vw, 1024px\" \/><\/a><\/figure>\n\n\n\n<figure class=\"wp-block-image size-large\"><a href=\"http:\/\/www.archib.net\/wp-content\/uploads\/2023\/08\/15__COS5466-scaled.jpg\"><img loading=\"lazy\" decoding=\"async\" width=\"1024\" height=\"682\" src=\"http:\/\/www.archib.net\/wp-content\/uploads\/2023\/08\/15__COS5466-1024x682.jpg\" alt=\"\" class=\"wp-image-1218\" srcset=\"https:\/\/www.archib.net\/wp-content\/uploads\/2023\/08\/15__COS5466-1024x682.jpg 1024w, https:\/\/www.archib.net\/wp-content\/uploads\/2023\/08\/15__COS5466-300x200.jpg 300w, https:\/\/www.archib.net\/wp-content\/uploads\/2023\/08\/15__COS5466-768x511.jpg 768w, https:\/\/www.archib.net\/wp-content\/uploads\/2023\/08\/15__COS5466-1536x1022.jpg 1536w, https:\/\/www.archib.net\/wp-content\/uploads\/2023\/08\/15__COS5466-2048x1363.jpg 2048w\" sizes=\"auto, (max-width: 1024px) 100vw, 1024px\" \/><\/a><figcaption class=\"wp-element-caption\">l&rsquo;espace salon, avec le meuble qui int\u00e8gre une t\u00e9l\u00e9vision et une \u00ab\u00a0chemin\u00e9e\u00a0\u00bb \u00e9lectrique.<\/figcaption><\/figure>\n\n\n\n<figure class=\"wp-block-image size-large\"><a href=\"http:\/\/www.archib.net\/wp-content\/uploads\/2023\/08\/16__COS5549-scaled.jpg\"><img loading=\"lazy\" decoding=\"async\" width=\"1024\" height=\"682\" src=\"http:\/\/www.archib.net\/wp-content\/uploads\/2023\/08\/16__COS5549-1024x682.jpg\" alt=\"\" class=\"wp-image-1204\" srcset=\"https:\/\/www.archib.net\/wp-content\/uploads\/2023\/08\/16__COS5549-1024x682.jpg 1024w, https:\/\/www.archib.net\/wp-content\/uploads\/2023\/08\/16__COS5549-300x200.jpg 300w, https:\/\/www.archib.net\/wp-content\/uploads\/2023\/08\/16__COS5549-768x511.jpg 768w, https:\/\/www.archib.net\/wp-content\/uploads\/2023\/08\/16__COS5549-1536x1022.jpg 1536w, https:\/\/www.archib.net\/wp-content\/uploads\/2023\/08\/16__COS5549-2048x1363.jpg 2048w\" sizes=\"auto, (max-width: 1024px) 100vw, 1024px\" \/><\/a><\/figure>\n\n\n\n<p>L&rsquo;escalier fut un sujet de d\u00e9bats&#8230;.le conserver? simplement le d\u00e9placer? en poser un nouveau, avec une nouvelle implantation?? Et bien pour gagner un peu d&rsquo;espace utile dans le s\u00e9jour ( sa forme quasi carr\u00e9e ne rend pas l&rsquo;espace facile \u00e0 meubler, et l&rsquo;escalier existant \u00e9tait peut-\u00eatre un peu envahissant&#8230;), cet escalier a \u00e9t\u00e9 chang\u00e9 et d\u00e9plac\u00e9:<\/p>\n\n\n\n<figure class=\"wp-block-image size-large\"><a href=\"http:\/\/www.archib.net\/wp-content\/uploads\/2023\/08\/IMG_6230-scaled.jpeg\"><img loading=\"lazy\" decoding=\"async\" width=\"768\" height=\"1024\" src=\"http:\/\/www.archib.net\/wp-content\/uploads\/2023\/08\/IMG_6230-768x1024.jpeg\" alt=\"\" class=\"wp-image-1244\" srcset=\"https:\/\/www.archib.net\/wp-content\/uploads\/2023\/08\/IMG_6230-768x1024.jpeg 768w, https:\/\/www.archib.net\/wp-content\/uploads\/2023\/08\/IMG_6230-225x300.jpeg 225w, https:\/\/www.archib.net\/wp-content\/uploads\/2023\/08\/IMG_6230-1152x1536.jpeg 1152w, https:\/\/www.archib.net\/wp-content\/uploads\/2023\/08\/IMG_6230-1536x2048.jpeg 1536w, https:\/\/www.archib.net\/wp-content\/uploads\/2023\/08\/IMG_6230-scaled.jpeg 1920w\" sizes=\"auto, (max-width: 768px) 100vw, 768px\" \/><\/a><figcaption class=\"wp-element-caption\">l&rsquo;escalier initial \u00e9tait tr\u00e8s pratique, mais effectivement, il envahissait l&rsquo;espace&#8230;<\/figcaption><\/figure>\n\n\n\n<figure class=\"wp-block-image size-large\"><a href=\"http:\/\/www.archib.net\/wp-content\/uploads\/2023\/08\/20__COS5593-scaled.jpg\"><img loading=\"lazy\" decoding=\"async\" width=\"682\" height=\"1024\" src=\"http:\/\/www.archib.net\/wp-content\/uploads\/2023\/08\/20__COS5593-682x1024.jpg\" alt=\"\" class=\"wp-image-1206\" srcset=\"https:\/\/www.archib.net\/wp-content\/uploads\/2023\/08\/20__COS5593-682x1024.jpg 682w, https:\/\/www.archib.net\/wp-content\/uploads\/2023\/08\/20__COS5593-200x300.jpg 200w, https:\/\/www.archib.net\/wp-content\/uploads\/2023\/08\/20__COS5593-768x1154.jpg 768w, https:\/\/www.archib.net\/wp-content\/uploads\/2023\/08\/20__COS5593-1022x1536.jpg 1022w, https:\/\/www.archib.net\/wp-content\/uploads\/2023\/08\/20__COS5593-1363x2048.jpg 1363w, https:\/\/www.archib.net\/wp-content\/uploads\/2023\/08\/20__COS5593-scaled.jpg 1704w\" sizes=\"auto, (max-width: 682px) 100vw, 682px\" \/><\/a><figcaption class=\"wp-element-caption\">le nouvel escalier, plus a\u00e9rien, et mieux plac\u00e9<\/figcaption><\/figure>\n\n\n\n<figure class=\"wp-block-image size-large\"><a href=\"http:\/\/www.archib.net\/wp-content\/uploads\/2023\/08\/34__COS5696-scaled.jpg\"><img loading=\"lazy\" decoding=\"async\" width=\"682\" height=\"1024\" src=\"http:\/\/www.archib.net\/wp-content\/uploads\/2023\/08\/34__COS5696-682x1024.jpg\" alt=\"\" class=\"wp-image-1200\" srcset=\"https:\/\/www.archib.net\/wp-content\/uploads\/2023\/08\/34__COS5696-682x1024.jpg 682w, https:\/\/www.archib.net\/wp-content\/uploads\/2023\/08\/34__COS5696-200x300.jpg 200w, https:\/\/www.archib.net\/wp-content\/uploads\/2023\/08\/34__COS5696-768x1154.jpg 768w, https:\/\/www.archib.net\/wp-content\/uploads\/2023\/08\/34__COS5696-1022x1536.jpg 1022w, https:\/\/www.archib.net\/wp-content\/uploads\/2023\/08\/34__COS5696-1363x2048.jpg 1363w, https:\/\/www.archib.net\/wp-content\/uploads\/2023\/08\/34__COS5696-scaled.jpg 1704w\" sizes=\"auto, (max-width: 682px) 100vw, 682px\" \/><\/a><\/figure>\n\n\n\n<p>J&rsquo;adresse un grand merci aux ma\u00eetres d&rsquo;ouvrage, Sophie et Eric HAUSWALD, qui ont fait de magnifiques photos, et surtout ont support\u00e9 les travaux, qui ont \u00e9t\u00e9 effectu\u00e9s dans cette p\u00e9riode post COVID, avec tous les soucis que cela a entrain\u00e9&#8230;<\/p>\n","protected":false},"excerpt":{"rendered":"<p>Sophie et Eric ont acquis en 2020 une habitation des ann\u00e9es 90, dans un environnement tr\u00e8s vert de La Rochelle. Cette maison \u00e9tait en plut\u00f4t bon \u00e9tat, et n&rsquo;avait pas \u00e9t\u00e9 modifi\u00e9e depuis la cr\u00e9ation. Au moment o\u00f9 les ma\u00eetres d&rsquo;ouvrage m&rsquo;ont contact\u00e9s, Sophie finissait une formation pour \u00eatre naturopathe, le programme n&rsquo;\u00e9tait donc pas &hellip; <a href=\"https:\/\/www.archib.net\/?p=1197\" class=\"more-link\">Continuer la lecture de <span class=\"screen-reader-text\">AGRANDISSEMENT ET RAFRAICHISSEMENT D&rsquo;UNE HABITATION DES ANN\u00c9ES 90<\/span>  <span class=\"meta-nav\">&rarr;<\/span><\/a><\/p>\n","protected":false},"author":1,"featured_media":1218,"comment_status":"open","ping_status":"open","sticky":true,"template":"","format":"standard","meta":{"footnotes":""},"categories":[14,8,1,20,15,65],"tags":[18,76,7,17,55,33],"class_list":["post-1197","post","type-post","status-publish","format-standard","has-post-thumbnail","hentry","category-agrandissement","category-maisons","category-non-classe","category-projets-realises","category-renovation","category-tertiaire","tag-agrandissement-2","tag-bardage-bois","tag-maison","tag-renovation-2","tag-restructuration-totale","tag-veture"],"_links":{"self":[{"href":"https:\/\/www.archib.net\/index.php?rest_route=\/wp\/v2\/posts\/1197","targetHints":{"allow":["GET"]}}],"collection":[{"href":"https:\/\/www.archib.net\/index.php?rest_route=\/wp\/v2\/posts"}],"about":[{"href":"https:\/\/www.archib.net\/index.php?rest_route=\/wp\/v2\/types\/post"}],"author":[{"embeddable":true,"href":"https:\/\/www.archib.net\/index.php?rest_route=\/wp\/v2\/users\/1"}],"replies":[{"embeddable":true,"href":"https:\/\/www.archib.net\/index.php?rest_route=%2Fwp%2Fv2%2Fcomments&post=1197"}],"version-history":[{"count":4,"href":"https:\/\/www.archib.net\/index.php?rest_route=\/wp\/v2\/posts\/1197\/revisions"}],"predecessor-version":[{"id":1353,"href":"https:\/\/www.archib.net\/index.php?rest_route=\/wp\/v2\/posts\/1197\/revisions\/1353"}],"wp:featuredmedia":[{"embeddable":true,"href":"https:\/\/www.archib.net\/index.php?rest_route=\/wp\/v2\/media\/1218"}],"wp:attachment":[{"href":"https:\/\/www.archib.net\/index.php?rest_route=%2Fwp%2Fv2%2Fmedia&parent=1197"}],"wp:term":[{"taxonomy":"category","embeddable":true,"href":"https:\/\/www.archib.net\/index.php?rest_route=%2Fwp%2Fv2%2Fcategories&post=1197"},{"taxonomy":"post_tag","embeddable":true,"href":"https:\/\/www.archib.net\/index.php?rest_route=%2Fwp%2Fv2%2Ftags&post=1197"}],"curies":[{"name":"wp","href":"https:\/\/api.w.org\/{rel}","templated":true}]}}