{"id":124,"date":"2012-01-07T13:59:18","date_gmt":"2012-01-07T13:59:18","guid":{"rendered":"http:\/\/www.archib.net\/?p=124"},"modified":"2014-11-14T15:08:32","modified_gmt":"2014-11-14T15:08:32","slug":"local-commercial-v","status":"publish","type":"post","link":"https:\/\/www.archib.net\/?p=124","title":{"rendered":"LOCAL COMMERCIAL V."},"content":{"rendered":"<p>Projet en cours d&rsquo;appel d&rsquo;offre.<\/p>\n<p>La Commune, Ma\u00eetre d&rsquo;Ouvrage, souhaitait r\u00e9utiliser un des b\u00e2timents communaux en sa possession afin de cr\u00e9er un local commercial. En premier lieu le Conseil voulait restructurer les volumes en bordure de rue, ces derniers n&rsquo;offrant que peu de surface, le choix s&rsquo;est port\u00e9 sur le b\u00e2timent en fond de parcelle (qui d&rsquo;ailleurs se serait retrouv\u00e9 enclav\u00e9 dans la premi\u00e8re id\u00e9e).<\/p>\n<p>La place centrale actuelle est en cours de restructuration, l&rsquo;espace ext\u00e9rieur de ce projet vient donc dans la continuit\u00e9 naturelle de cet am\u00e9nagement urbain.<\/p>\n<p><a href=\"http:\/\/www.archib.net\/wp-content\/uploads\/2012\/01\/LOCAL-COMMERCIAL-V.-MASSE-01.jpg\"><img loading=\"lazy\" decoding=\"async\" class=\"alignnone size-large wp-image-125\" title=\"PLAN MASSE\" src=\"http:\/\/www.archib.net\/wp-content\/uploads\/2012\/01\/LOCAL-COMMERCIAL-V.-MASSE-01-896x1024.jpg\" alt=\"\" width=\"627\" height=\"716\" srcset=\"https:\/\/www.archib.net\/wp-content\/uploads\/2012\/01\/LOCAL-COMMERCIAL-V.-MASSE-01-896x1024.jpg 896w, https:\/\/www.archib.net\/wp-content\/uploads\/2012\/01\/LOCAL-COMMERCIAL-V.-MASSE-01-262x300.jpg 262w, https:\/\/www.archib.net\/wp-content\/uploads\/2012\/01\/LOCAL-COMMERCIAL-V.-MASSE-01.jpg 1309w\" sizes=\"auto, (max-width: 627px) 100vw, 627px\" \/><\/a><\/p>\n<p><a href=\"http:\/\/www.archib.net\/wp-content\/uploads\/2012\/01\/LOCAL-COMMERCIAL-V.-FACADE-01.jpg\"><img loading=\"lazy\" decoding=\"async\" class=\"alignnone size-large wp-image-126\" title=\"FACADE\" src=\"http:\/\/www.archib.net\/wp-content\/uploads\/2012\/01\/LOCAL-COMMERCIAL-V.-FACADE-01-1024x555.jpg\" alt=\"\" width=\"627\" height=\"339\" srcset=\"https:\/\/www.archib.net\/wp-content\/uploads\/2012\/01\/LOCAL-COMMERCIAL-V.-FACADE-01-1024x555.jpg 1024w, https:\/\/www.archib.net\/wp-content\/uploads\/2012\/01\/LOCAL-COMMERCIAL-V.-FACADE-01-300x162.jpg 300w\" sizes=\"auto, (max-width: 627px) 100vw, 627px\" \/><\/a><\/p>\n<figure id=\"attachment_127\" aria-describedby=\"caption-attachment-127\" style=\"width: 627px\" class=\"wp-caption alignnone\"><a href=\"http:\/\/www.archib.net\/wp-content\/uploads\/2012\/01\/LOCAL-COMMERCIAL-V.-VUE-ACTUELLE-01.jpg\"><img loading=\"lazy\" decoding=\"async\" class=\"size-large wp-image-127\" title=\"VUE ACTUELLE\" src=\"http:\/\/www.archib.net\/wp-content\/uploads\/2012\/01\/LOCAL-COMMERCIAL-V.-VUE-ACTUELLE-01-1024x768.jpg\" alt=\"\" width=\"627\" height=\"470\" srcset=\"https:\/\/www.archib.net\/wp-content\/uploads\/2012\/01\/LOCAL-COMMERCIAL-V.-VUE-ACTUELLE-01-1024x768.jpg 1024w, https:\/\/www.archib.net\/wp-content\/uploads\/2012\/01\/LOCAL-COMMERCIAL-V.-VUE-ACTUELLE-01-300x225.jpg 300w\" sizes=\"auto, (max-width: 627px) 100vw, 627px\" \/><\/a><figcaption id=\"caption-attachment-127\" class=\"wp-caption-text\">vue actuelle depuis la place<\/figcaption><\/figure>\n<figure id=\"attachment_128\" aria-describedby=\"caption-attachment-128\" style=\"width: 627px\" class=\"wp-caption alignnone\"><a href=\"http:\/\/www.archib.net\/wp-content\/uploads\/2012\/01\/LOCAL-COMMERCIAL-V.-VUE-FUTURE-01.jpg\"><img loading=\"lazy\" decoding=\"async\" class=\"size-large wp-image-128\" title=\"VUE FUTURE\" src=\"http:\/\/www.archib.net\/wp-content\/uploads\/2012\/01\/LOCAL-COMMERCIAL-V.-VUE-FUTURE-01-1024x768.jpg\" alt=\"\" width=\"627\" height=\"470\" srcset=\"https:\/\/www.archib.net\/wp-content\/uploads\/2012\/01\/LOCAL-COMMERCIAL-V.-VUE-FUTURE-01-1024x768.jpg 1024w, https:\/\/www.archib.net\/wp-content\/uploads\/2012\/01\/LOCAL-COMMERCIAL-V.-VUE-FUTURE-01-300x225.jpg 300w\" sizes=\"auto, (max-width: 627px) 100vw, 627px\" \/><\/a><figcaption id=\"caption-attachment-128\" class=\"wp-caption-text\">vue future depuis la place<\/figcaption><\/figure>\n<p>&nbsp;<\/p>\n<p>&nbsp;<\/p>\n<figure id=\"attachment_463\" aria-describedby=\"caption-attachment-463\" style=\"width: 627px\" class=\"wp-caption alignleft\"><a href=\"http:\/\/www.archib.net\/wp-content\/uploads\/2012\/01\/IMG_0444.jpg\"><img loading=\"lazy\" decoding=\"async\" class=\"size-large wp-image-463\" src=\"http:\/\/www.archib.net\/wp-content\/uploads\/2012\/01\/IMG_0444-1024x764.jpg\" alt=\"IMG_0444\" width=\"627\" height=\"467\" srcset=\"https:\/\/www.archib.net\/wp-content\/uploads\/2012\/01\/IMG_0444-1024x764.jpg 1024w, https:\/\/www.archib.net\/wp-content\/uploads\/2012\/01\/IMG_0444-300x224.jpg 300w\" sizes=\"auto, (max-width: 627px) 100vw, 627px\" \/><\/a><figcaption id=\"caption-attachment-463\" class=\"wp-caption-text\">les b\u00e2timents en fa\u00e7ade sur rue ont \u00e9t\u00e9 d\u00e9molis<\/figcaption><\/figure>\n<p>&nbsp;<\/p>\n<figure id=\"attachment_525\" aria-describedby=\"caption-attachment-525\" style=\"width: 627px\" class=\"wp-caption alignleft\"><a href=\"http:\/\/www.archib.net\/wp-content\/uploads\/2014\/11\/DSC01726.jpg\"><img loading=\"lazy\" decoding=\"async\" class=\"size-large wp-image-525\" src=\"http:\/\/www.archib.net\/wp-content\/uploads\/2014\/11\/DSC01726-1024x680.jpg\" alt=\"L'am\u00e9nagement de la place centrale de la commune a \u00e9t\u00e9 r\u00e9alis\u00e9\" width=\"627\" height=\"416\" srcset=\"https:\/\/www.archib.net\/wp-content\/uploads\/2014\/11\/DSC01726-1024x680.jpg 1024w, https:\/\/www.archib.net\/wp-content\/uploads\/2014\/11\/DSC01726-300x199.jpg 300w, https:\/\/www.archib.net\/wp-content\/uploads\/2014\/11\/DSC01726-900x598.jpg 900w\" sizes=\"auto, (max-width: 627px) 100vw, 627px\" \/><\/a><figcaption id=\"caption-attachment-525\" class=\"wp-caption-text\">L&rsquo;am\u00e9nagement de la place centrale de la commune a \u00e9t\u00e9 r\u00e9alis\u00e9<\/figcaption><\/figure>\n<p><a href=\"http:\/\/www.archib.net\/wp-content\/uploads\/2014\/11\/DSC01731.jpg\"><img loading=\"lazy\" decoding=\"async\" class=\"alignleft size-large wp-image-530\" src=\"http:\/\/www.archib.net\/wp-content\/uploads\/2014\/11\/DSC01731-680x1024.jpg\" alt=\"SONY DSC\" width=\"627\" height=\"944\" srcset=\"https:\/\/www.archib.net\/wp-content\/uploads\/2014\/11\/DSC01731-680x1024.jpg 680w, https:\/\/www.archib.net\/wp-content\/uploads\/2014\/11\/DSC01731-199x300.jpg 199w, https:\/\/www.archib.net\/wp-content\/uploads\/2014\/11\/DSC01731-900x1354.jpg 900w\" sizes=\"auto, (max-width: 627px) 100vw, 627px\" \/><\/a><\/p>\n","protected":false},"excerpt":{"rendered":"<p>Projet en cours d&rsquo;appel d&rsquo;offre. La Commune, Ma\u00eetre d&rsquo;Ouvrage, souhaitait r\u00e9utiliser un des b\u00e2timents communaux en sa possession afin de cr\u00e9er un local commercial. En premier lieu le Conseil voulait restructurer les volumes en bordure de rue, ces derniers n&rsquo;offrant que peu de surface, le choix s&rsquo;est port\u00e9 sur le b\u00e2timent en fond de parcelle &hellip; <a href=\"https:\/\/www.archib.net\/?p=124\" class=\"more-link\">Continuer la lecture de <span class=\"screen-reader-text\">LOCAL COMMERCIAL V.<\/span>  <span class=\"meta-nav\">&rarr;<\/span><\/a><\/p>\n","protected":false},"author":1,"featured_media":0,"comment_status":"closed","ping_status":"closed","sticky":false,"template":"","format":"standard","meta":{"footnotes":""},"categories":[20,19,15],"tags":[22,57,17],"class_list":["post-124","post","type-post","status-publish","format-standard","hentry","category-projets-realises","category-public","category-renovation","tag-local-commercial","tag-public","tag-renovation-2"],"_links":{"self":[{"href":"https:\/\/www.archib.net\/index.php?rest_route=\/wp\/v2\/posts\/124","targetHints":{"allow":["GET"]}}],"collection":[{"href":"https:\/\/www.archib.net\/index.php?rest_route=\/wp\/v2\/posts"}],"about":[{"href":"https:\/\/www.archib.net\/index.php?rest_route=\/wp\/v2\/types\/post"}],"author":[{"embeddable":true,"href":"https:\/\/www.archib.net\/index.php?rest_route=\/wp\/v2\/users\/1"}],"replies":[{"embeddable":true,"href":"https:\/\/www.archib.net\/index.php?rest_route=%2Fwp%2Fv2%2Fcomments&post=124"}],"version-history":[{"count":10,"href":"https:\/\/www.archib.net\/index.php?rest_route=\/wp\/v2\/posts\/124\/revisions"}],"predecessor-version":[{"id":598,"href":"https:\/\/www.archib.net\/index.php?rest_route=\/wp\/v2\/posts\/124\/revisions\/598"}],"wp:attachment":[{"href":"https:\/\/www.archib.net\/index.php?rest_route=%2Fwp%2Fv2%2Fmedia&parent=124"}],"wp:term":[{"taxonomy":"category","embeddable":true,"href":"https:\/\/www.archib.net\/index.php?rest_route=%2Fwp%2Fv2%2Fcategories&post=124"},{"taxonomy":"post_tag","embeddable":true,"href":"https:\/\/www.archib.net\/index.php?rest_route=%2Fwp%2Fv2%2Ftags&post=124"}],"curies":[{"name":"wp","href":"https:\/\/api.w.org\/{rel}","templated":true}]}}