{"id":1278,"date":"2025-10-07T15:47:48","date_gmt":"2025-10-07T15:47:48","guid":{"rendered":"http:\/\/www.archib.net\/?p=1278"},"modified":"2025-10-07T16:11:50","modified_gmt":"2025-10-07T16:11:50","slug":"restructuration-dune-entree-de-cabinet-davocats","status":"publish","type":"post","link":"https:\/\/www.archib.net\/?p=1278","title":{"rendered":"Restructuration d&rsquo;une entr\u00e9e de cabinet d&rsquo;avocats"},"content":{"rendered":"<div class=\"wp-block-image\">\n<figure class=\"aligncenter size-large\"><a href=\"http:\/\/www.archib.net\/wp-content\/uploads\/2025\/10\/IMG_6393-scaled.jpg\"><img loading=\"lazy\" decoding=\"async\" width=\"768\" height=\"1024\" src=\"http:\/\/www.archib.net\/wp-content\/uploads\/2025\/10\/IMG_6393-768x1024.jpg\" alt=\"\" class=\"wp-image-1284\" srcset=\"https:\/\/www.archib.net\/wp-content\/uploads\/2025\/10\/IMG_6393-768x1024.jpg 768w, https:\/\/www.archib.net\/wp-content\/uploads\/2025\/10\/IMG_6393-225x300.jpg 225w, https:\/\/www.archib.net\/wp-content\/uploads\/2025\/10\/IMG_6393-1152x1536.jpg 1152w, https:\/\/www.archib.net\/wp-content\/uploads\/2025\/10\/IMG_6393-1536x2048.jpg 1536w, https:\/\/www.archib.net\/wp-content\/uploads\/2025\/10\/IMG_6393-scaled.jpg 1920w\" sizes=\"auto, (max-width: 768px) 100vw, 768px\" \/><\/a><\/figure>\n<\/div>\n\n\n<p>Le b\u00e2timent initial avait \u00e9t\u00e9 construit avec une verri\u00e8re totale sur l&rsquo;accueil. Au fil du temps ce tr\u00e8s grand vitrage a engendr\u00e9 plusieurs probl\u00e8mes, comme le froid en hiver et le la surchauffe en \u00e9t\u00e9 en premier lieu, puis des fuites introuvables etc&#8230;<\/p>\n\n\n\n<p>avant travaux<\/p>\n\n\n<div class=\"wp-block-image\">\n<figure class=\"aligncenter size-large\"><a href=\"http:\/\/www.archib.net\/wp-content\/uploads\/2025\/10\/IMG_4468-scaled.jpg\"><img loading=\"lazy\" decoding=\"async\" width=\"768\" height=\"1024\" src=\"http:\/\/www.archib.net\/wp-content\/uploads\/2025\/10\/IMG_4468-768x1024.jpg\" alt=\"\" class=\"wp-image-1311\" srcset=\"https:\/\/www.archib.net\/wp-content\/uploads\/2025\/10\/IMG_4468-768x1024.jpg 768w, https:\/\/www.archib.net\/wp-content\/uploads\/2025\/10\/IMG_4468-225x300.jpg 225w, https:\/\/www.archib.net\/wp-content\/uploads\/2025\/10\/IMG_4468-1152x1536.jpg 1152w, https:\/\/www.archib.net\/wp-content\/uploads\/2025\/10\/IMG_4468-1536x2048.jpg 1536w, https:\/\/www.archib.net\/wp-content\/uploads\/2025\/10\/IMG_4468-scaled.jpg 1920w\" sizes=\"auto, (max-width: 768px) 100vw, 768px\" \/><\/a><figcaption class=\"wp-element-caption\">la fa\u00e7ade avant travaux<\/figcaption><\/figure>\n<\/div>\n\n<div class=\"wp-block-image\">\n<figure class=\"aligncenter size-large\"><a href=\"http:\/\/www.archib.net\/wp-content\/uploads\/2025\/10\/IMG_4174-scaled.jpg\"><img loading=\"lazy\" decoding=\"async\" width=\"1024\" height=\"768\" src=\"http:\/\/www.archib.net\/wp-content\/uploads\/2025\/10\/IMG_4174-1024x768.jpg\" alt=\"\" class=\"wp-image-1313\" srcset=\"https:\/\/www.archib.net\/wp-content\/uploads\/2025\/10\/IMG_4174-1024x768.jpg 1024w, https:\/\/www.archib.net\/wp-content\/uploads\/2025\/10\/IMG_4174-300x225.jpg 300w, https:\/\/www.archib.net\/wp-content\/uploads\/2025\/10\/IMG_4174-768x576.jpg 768w, https:\/\/www.archib.net\/wp-content\/uploads\/2025\/10\/IMG_4174-1536x1152.jpg 1536w, https:\/\/www.archib.net\/wp-content\/uploads\/2025\/10\/IMG_4174-2048x1536.jpg 2048w\" sizes=\"auto, (max-width: 1024px) 100vw, 1024px\" \/><\/a><figcaption class=\"wp-element-caption\">l&rsquo;entr\u00e9e avant travaux<\/figcaption><\/figure>\n<\/div>\n\n<div class=\"wp-block-image\">\n<figure class=\"aligncenter size-large\"><a href=\"http:\/\/www.archib.net\/wp-content\/uploads\/2025\/10\/IMG_4173-scaled.jpg\"><img loading=\"lazy\" decoding=\"async\" width=\"1024\" height=\"768\" src=\"http:\/\/www.archib.net\/wp-content\/uploads\/2025\/10\/IMG_4173-1024x768.jpg\" alt=\"\" class=\"wp-image-1312\" srcset=\"https:\/\/www.archib.net\/wp-content\/uploads\/2025\/10\/IMG_4173-1024x768.jpg 1024w, https:\/\/www.archib.net\/wp-content\/uploads\/2025\/10\/IMG_4173-300x225.jpg 300w, https:\/\/www.archib.net\/wp-content\/uploads\/2025\/10\/IMG_4173-768x576.jpg 768w, https:\/\/www.archib.net\/wp-content\/uploads\/2025\/10\/IMG_4173-1536x1152.jpg 1536w, https:\/\/www.archib.net\/wp-content\/uploads\/2025\/10\/IMG_4173-2048x1536.jpg 2048w\" sizes=\"auto, (max-width: 1024px) 100vw, 1024px\" \/><\/a><figcaption class=\"wp-element-caption\">l&rsquo;accueil avant travaux<\/figcaption><\/figure>\n<\/div>\n\n\n<p>La verri\u00e8re a donc \u00e9t\u00e9 d\u00e9pos\u00e9e pour \u00eatre remplac\u00e9e par une toiture terrasse non accessible.<\/p>\n\n\n<div class=\"wp-block-image\">\n<figure class=\"aligncenter size-large\"><a href=\"http:\/\/www.archib.net\/wp-content\/uploads\/2025\/10\/IMG_5865-scaled.jpg\"><img loading=\"lazy\" decoding=\"async\" width=\"1024\" height=\"768\" src=\"http:\/\/www.archib.net\/wp-content\/uploads\/2025\/10\/IMG_5865-1024x768.jpg\" alt=\"\" class=\"wp-image-1296\" srcset=\"https:\/\/www.archib.net\/wp-content\/uploads\/2025\/10\/IMG_5865-1024x768.jpg 1024w, https:\/\/www.archib.net\/wp-content\/uploads\/2025\/10\/IMG_5865-300x225.jpg 300w, https:\/\/www.archib.net\/wp-content\/uploads\/2025\/10\/IMG_5865-768x576.jpg 768w, https:\/\/www.archib.net\/wp-content\/uploads\/2025\/10\/IMG_5865-1536x1152.jpg 1536w, https:\/\/www.archib.net\/wp-content\/uploads\/2025\/10\/IMG_5865-2048x1536.jpg 2048w\" sizes=\"auto, (max-width: 1024px) 100vw, 1024px\" \/><\/a><figcaption class=\"wp-element-caption\">verri\u00e8re d\u00e9pos\u00e9e<\/figcaption><\/figure>\n<\/div>\n\n<div class=\"wp-block-image\">\n<figure class=\"aligncenter size-large\"><a href=\"http:\/\/www.archib.net\/wp-content\/uploads\/2025\/10\/IMG_5863-scaled.jpg\"><img loading=\"lazy\" decoding=\"async\" width=\"1024\" height=\"768\" src=\"http:\/\/www.archib.net\/wp-content\/uploads\/2025\/10\/IMG_5863-1024x768.jpg\" alt=\"\" class=\"wp-image-1294\" srcset=\"https:\/\/www.archib.net\/wp-content\/uploads\/2025\/10\/IMG_5863-1024x768.jpg 1024w, https:\/\/www.archib.net\/wp-content\/uploads\/2025\/10\/IMG_5863-300x225.jpg 300w, https:\/\/www.archib.net\/wp-content\/uploads\/2025\/10\/IMG_5863-768x576.jpg 768w, https:\/\/www.archib.net\/wp-content\/uploads\/2025\/10\/IMG_5863-1536x1152.jpg 1536w, https:\/\/www.archib.net\/wp-content\/uploads\/2025\/10\/IMG_5863-2048x1536.jpg 2048w\" sizes=\"auto, (max-width: 1024px) 100vw, 1024px\" \/><\/a><figcaption class=\"wp-element-caption\">verri\u00e8re d\u00e9pos\u00e9e<\/figcaption><\/figure>\n<\/div>\n\n<div class=\"wp-block-image\">\n<figure class=\"aligncenter size-large\"><a href=\"http:\/\/www.archib.net\/wp-content\/uploads\/2025\/10\/IMG_5802-scaled.jpg\"><img loading=\"lazy\" decoding=\"async\" width=\"1024\" height=\"768\" src=\"http:\/\/www.archib.net\/wp-content\/uploads\/2025\/10\/IMG_5802-1024x768.jpg\" alt=\"\" class=\"wp-image-1281\" srcset=\"https:\/\/www.archib.net\/wp-content\/uploads\/2025\/10\/IMG_5802-1024x768.jpg 1024w, https:\/\/www.archib.net\/wp-content\/uploads\/2025\/10\/IMG_5802-300x225.jpg 300w, https:\/\/www.archib.net\/wp-content\/uploads\/2025\/10\/IMG_5802-768x576.jpg 768w, https:\/\/www.archib.net\/wp-content\/uploads\/2025\/10\/IMG_5802-1536x1152.jpg 1536w, https:\/\/www.archib.net\/wp-content\/uploads\/2025\/10\/IMG_5802-2048x1536.jpg 2048w\" sizes=\"auto, (max-width: 1024px) 100vw, 1024px\" \/><\/a><figcaption class=\"wp-element-caption\">protection durant les travaux<\/figcaption><\/figure>\n<\/div>\n\n\n<p>La banque d&rsquo;accueil a \u00e9t\u00e9 faite sur mesure.<\/p>\n\n\n<div class=\"wp-block-image\">\n<figure class=\"aligncenter size-large\"><a href=\"http:\/\/www.archib.net\/wp-content\/uploads\/2025\/10\/IMG_6248-scaled.jpg\"><img loading=\"lazy\" decoding=\"async\" width=\"1024\" height=\"768\" src=\"http:\/\/www.archib.net\/wp-content\/uploads\/2025\/10\/IMG_6248-1024x768.jpg\" alt=\"\" class=\"wp-image-1286\" srcset=\"https:\/\/www.archib.net\/wp-content\/uploads\/2025\/10\/IMG_6248-1024x768.jpg 1024w, https:\/\/www.archib.net\/wp-content\/uploads\/2025\/10\/IMG_6248-300x225.jpg 300w, https:\/\/www.archib.net\/wp-content\/uploads\/2025\/10\/IMG_6248-768x576.jpg 768w, https:\/\/www.archib.net\/wp-content\/uploads\/2025\/10\/IMG_6248-1536x1152.jpg 1536w, https:\/\/www.archib.net\/wp-content\/uploads\/2025\/10\/IMG_6248-2048x1536.jpg 2048w\" sizes=\"auto, (max-width: 1024px) 100vw, 1024px\" \/><\/a><figcaption class=\"wp-element-caption\">nouvelle banque d&rsquo;accueil<\/figcaption><\/figure>\n<\/div>\n\n<div class=\"wp-block-image\">\n<figure class=\"aligncenter size-large\"><a href=\"http:\/\/www.archib.net\/wp-content\/uploads\/2025\/10\/IMG_6249-scaled.jpg\"><img loading=\"lazy\" decoding=\"async\" width=\"768\" height=\"1024\" src=\"http:\/\/www.archib.net\/wp-content\/uploads\/2025\/10\/IMG_6249-768x1024.jpg\" alt=\"\" class=\"wp-image-1287\" srcset=\"https:\/\/www.archib.net\/wp-content\/uploads\/2025\/10\/IMG_6249-768x1024.jpg 768w, https:\/\/www.archib.net\/wp-content\/uploads\/2025\/10\/IMG_6249-225x300.jpg 225w, https:\/\/www.archib.net\/wp-content\/uploads\/2025\/10\/IMG_6249-1152x1536.jpg 1152w, https:\/\/www.archib.net\/wp-content\/uploads\/2025\/10\/IMG_6249-1536x2048.jpg 1536w, https:\/\/www.archib.net\/wp-content\/uploads\/2025\/10\/IMG_6249-scaled.jpg 1920w\" sizes=\"auto, (max-width: 768px) 100vw, 768px\" \/><\/a><figcaption class=\"wp-element-caption\">avec comptoir accessible en fauteuil<\/figcaption><\/figure>\n<\/div>\n\n\n<p>Le nom du cabinet a \u00e9t\u00e9 ajout\u00e9 en fa\u00e7ade, et la structure m\u00e9tallique qui supportait des voiles d&rsquo;ombrage a \u00e9t\u00e9 renforc\u00e9e pour accueillir des panneaux solaires.<\/p>\n\n\n<div class=\"wp-block-image\">\n<figure class=\"aligncenter size-large\"><a href=\"http:\/\/www.archib.net\/wp-content\/uploads\/2025\/10\/IMG_6342-scaled.jpg\"><img loading=\"lazy\" decoding=\"async\" width=\"1024\" height=\"768\" src=\"http:\/\/www.archib.net\/wp-content\/uploads\/2025\/10\/IMG_6342-1024x768.jpg\" alt=\"\" class=\"wp-image-1285\" srcset=\"https:\/\/www.archib.net\/wp-content\/uploads\/2025\/10\/IMG_6342-1024x768.jpg 1024w, https:\/\/www.archib.net\/wp-content\/uploads\/2025\/10\/IMG_6342-300x225.jpg 300w, https:\/\/www.archib.net\/wp-content\/uploads\/2025\/10\/IMG_6342-768x576.jpg 768w, https:\/\/www.archib.net\/wp-content\/uploads\/2025\/10\/IMG_6342-1536x1152.jpg 1536w, https:\/\/www.archib.net\/wp-content\/uploads\/2025\/10\/IMG_6342-2048x1536.jpg 2048w\" sizes=\"auto, (max-width: 1024px) 100vw, 1024px\" \/><\/a><figcaption class=\"wp-element-caption\">La nouvelle fa\u00e7ade, avec le nom et le logo et les panneaux solaires au dessus<\/figcaption><\/figure>\n<\/div>\n\n\n<p><\/p>\n","protected":false},"excerpt":{"rendered":"<p>Le b\u00e2timent initial avait \u00e9t\u00e9 construit avec une verri\u00e8re totale sur l&rsquo;accueil. Au fil du temps ce tr\u00e8s grand vitrage a engendr\u00e9 plusieurs probl\u00e8mes, comme le froid en hiver et le la surchauffe en \u00e9t\u00e9 en premier lieu, puis des fuites introuvables etc&#8230; avant travaux La verri\u00e8re a donc \u00e9t\u00e9 d\u00e9pos\u00e9e pour \u00eatre remplac\u00e9e par &hellip; <a href=\"https:\/\/www.archib.net\/?p=1278\" class=\"more-link\">Continuer la lecture de <span class=\"screen-reader-text\">Restructuration d&rsquo;une entr\u00e9e de cabinet d&rsquo;avocats<\/span>  <span class=\"meta-nav\">&rarr;<\/span><\/a><\/p>\n","protected":false},"author":1,"featured_media":1284,"comment_status":"open","ping_status":"open","sticky":true,"template":"","format":"standard","meta":{"footnotes":""},"categories":[20,15,65],"tags":[86,32,74,85],"class_list":["post-1278","post","type-post","status-publish","format-standard","has-post-thumbnail","hentry","category-projets-realises","category-renovation","category-tertiaire","tag-etablissement-recevant-du-public","tag-ossature-bois","tag-restructuration","tag-tertiaire"],"_links":{"self":[{"href":"https:\/\/www.archib.net\/index.php?rest_route=\/wp\/v2\/posts\/1278","targetHints":{"allow":["GET"]}}],"collection":[{"href":"https:\/\/www.archib.net\/index.php?rest_route=\/wp\/v2\/posts"}],"about":[{"href":"https:\/\/www.archib.net\/index.php?rest_route=\/wp\/v2\/types\/post"}],"author":[{"embeddable":true,"href":"https:\/\/www.archib.net\/index.php?rest_route=\/wp\/v2\/users\/1"}],"replies":[{"embeddable":true,"href":"https:\/\/www.archib.net\/index.php?rest_route=%2Fwp%2Fv2%2Fcomments&post=1278"}],"version-history":[{"count":1,"href":"https:\/\/www.archib.net\/index.php?rest_route=\/wp\/v2\/posts\/1278\/revisions"}],"predecessor-version":[{"id":1326,"href":"https:\/\/www.archib.net\/index.php?rest_route=\/wp\/v2\/posts\/1278\/revisions\/1326"}],"wp:featuredmedia":[{"embeddable":true,"href":"https:\/\/www.archib.net\/index.php?rest_route=\/wp\/v2\/media\/1284"}],"wp:attachment":[{"href":"https:\/\/www.archib.net\/index.php?rest_route=%2Fwp%2Fv2%2Fmedia&parent=1278"}],"wp:term":[{"taxonomy":"category","embeddable":true,"href":"https:\/\/www.archib.net\/index.php?rest_route=%2Fwp%2Fv2%2Fcategories&post=1278"},{"taxonomy":"post_tag","embeddable":true,"href":"https:\/\/www.archib.net\/index.php?rest_route=%2Fwp%2Fv2%2Ftags&post=1278"}],"curies":[{"name":"wp","href":"https:\/\/api.w.org\/{rel}","templated":true}]}}