{"id":215,"date":"2012-01-07T19:45:12","date_gmt":"2012-01-07T19:45:12","guid":{"rendered":"http:\/\/www.archib.net\/?p=215"},"modified":"2014-11-14T16:20:07","modified_gmt":"2014-11-14T16:20:07","slug":"musee-dorsay","status":"publish","type":"post","link":"https:\/\/www.archib.net\/?p=215","title":{"rendered":"MUSEE D&rsquo;ORSAY"},"content":{"rendered":"<p>Ma sculpture pr\u00e9f\u00e9r\u00e9e:<\/p>\n<p>L&rsquo;ours de Pompon<\/p>\n<p><a href=\"http:\/\/www.archib.net\/wp-content\/uploads\/2012\/01\/MVC00328.jpg\"><img loading=\"lazy\" decoding=\"async\" class=\"alignnone size-full wp-image-216\" title=\"MVC00328\" src=\"http:\/\/www.archib.net\/wp-content\/uploads\/2012\/01\/MVC00328.jpg\" alt=\"\" width=\"480\" height=\"640\" srcset=\"https:\/\/www.archib.net\/wp-content\/uploads\/2012\/01\/MVC00328.jpg 480w, https:\/\/www.archib.net\/wp-content\/uploads\/2012\/01\/MVC00328-225x300.jpg 225w\" sizes=\"auto, (max-width: 480px) 100vw, 480px\" \/><\/a><\/p>\n<p><a href=\"http:\/\/www.archib.net\/wp-content\/uploads\/2012\/01\/MVC00329.jpg\"><img loading=\"lazy\" decoding=\"async\" class=\"alignnone size-full wp-image-217\" title=\"MVC00329\" src=\"http:\/\/www.archib.net\/wp-content\/uploads\/2012\/01\/MVC00329.jpg\" alt=\"\" width=\"640\" height=\"480\" srcset=\"https:\/\/www.archib.net\/wp-content\/uploads\/2012\/01\/MVC00329.jpg 640w, https:\/\/www.archib.net\/wp-content\/uploads\/2012\/01\/MVC00329-300x225.jpg 300w\" sizes=\"auto, (max-width: 640px) 100vw, 640px\" \/><\/a><\/p>\n<p><a href=\"http:\/\/www.archib.net\/wp-content\/uploads\/2012\/01\/MVC003301.jpg\"><img loading=\"lazy\" decoding=\"async\" class=\"alignnone size-full wp-image-219\" title=\"MVC00330\" src=\"http:\/\/www.archib.net\/wp-content\/uploads\/2012\/01\/MVC003301.jpg\" alt=\"\" width=\"640\" height=\"480\" srcset=\"https:\/\/www.archib.net\/wp-content\/uploads\/2012\/01\/MVC003301.jpg 640w, https:\/\/www.archib.net\/wp-content\/uploads\/2012\/01\/MVC003301-300x225.jpg 300w\" sizes=\"auto, (max-width: 640px) 100vw, 640px\" \/><\/a><\/p>\n<p>Et pour moi le plus beau mus\u00e9e du monde&#8230;&#8230;<\/p>\n<p><a href=\"http:\/\/www.archib.net\/wp-content\/uploads\/2012\/01\/MVC00334.jpg\"><img loading=\"lazy\" decoding=\"async\" class=\"alignnone size-full wp-image-220\" title=\"MVC00334\" src=\"http:\/\/www.archib.net\/wp-content\/uploads\/2012\/01\/MVC00334.jpg\" alt=\"\" width=\"640\" height=\"480\" srcset=\"https:\/\/www.archib.net\/wp-content\/uploads\/2012\/01\/MVC00334.jpg 640w, https:\/\/www.archib.net\/wp-content\/uploads\/2012\/01\/MVC00334-300x225.jpg 300w\" sizes=\"auto, (max-width: 640px) 100vw, 640px\" \/><\/a><\/p>\n<p><a href=\"http:\/\/www.archib.net\/wp-content\/uploads\/2012\/01\/MVC00284.jpg\"><img loading=\"lazy\" decoding=\"async\" class=\"alignnone size-full wp-image-221\" title=\"MVC00284\" src=\"http:\/\/www.archib.net\/wp-content\/uploads\/2012\/01\/MVC00284.jpg\" alt=\"\" width=\"640\" height=\"480\" srcset=\"https:\/\/www.archib.net\/wp-content\/uploads\/2012\/01\/MVC00284.jpg 640w, https:\/\/www.archib.net\/wp-content\/uploads\/2012\/01\/MVC00284-300x225.jpg 300w\" sizes=\"auto, (max-width: 640px) 100vw, 640px\" \/><\/a><\/p>\n","protected":false},"excerpt":{"rendered":"<p>Ma sculpture pr\u00e9f\u00e9r\u00e9e: L&rsquo;ours de Pompon Et pour moi le plus beau mus\u00e9e du monde&#8230;&#8230;<\/p>\n","protected":false},"author":1,"featured_media":0,"comment_status":"closed","ping_status":"closed","sticky":false,"template":"","format":"standard","meta":{"footnotes":""},"categories":[1,50,23],"tags":[30],"class_list":["post-215","post","type-post","status-publish","format-standard","hentry","category-non-classe","category-orsay","category-voyages","tag-musee"],"_links":{"self":[{"href":"https:\/\/www.archib.net\/index.php?rest_route=\/wp\/v2\/posts\/215","targetHints":{"allow":["GET"]}}],"collection":[{"href":"https:\/\/www.archib.net\/index.php?rest_route=\/wp\/v2\/posts"}],"about":[{"href":"https:\/\/www.archib.net\/index.php?rest_route=\/wp\/v2\/types\/post"}],"author":[{"embeddable":true,"href":"https:\/\/www.archib.net\/index.php?rest_route=\/wp\/v2\/users\/1"}],"replies":[{"embeddable":true,"href":"https:\/\/www.archib.net\/index.php?rest_route=%2Fwp%2Fv2%2Fcomments&post=215"}],"version-history":[{"count":3,"href":"https:\/\/www.archib.net\/index.php?rest_route=\/wp\/v2\/posts\/215\/revisions"}],"predecessor-version":[{"id":256,"href":"https:\/\/www.archib.net\/index.php?rest_route=\/wp\/v2\/posts\/215\/revisions\/256"}],"wp:attachment":[{"href":"https:\/\/www.archib.net\/index.php?rest_route=%2Fwp%2Fv2%2Fmedia&parent=215"}],"wp:term":[{"taxonomy":"category","embeddable":true,"href":"https:\/\/www.archib.net\/index.php?rest_route=%2Fwp%2Fv2%2Fcategories&post=215"},{"taxonomy":"post_tag","embeddable":true,"href":"https:\/\/www.archib.net\/index.php?rest_route=%2Fwp%2Fv2%2Ftags&post=215"}],"curies":[{"name":"wp","href":"https:\/\/api.w.org\/{rel}","templated":true}]}}