{"id":338,"date":"2012-03-28T07:22:28","date_gmt":"2012-03-28T07:22:28","guid":{"rendered":"http:\/\/www.archib.net\/?p=338"},"modified":"2014-11-14T14:47:34","modified_gmt":"2014-11-14T14:47:34","slug":"salle-municipale-s-c","status":"publish","type":"post","link":"https:\/\/www.archib.net\/?p=338","title":{"rendered":"SALLE MUNICIPALE S-C"},"content":{"rendered":"<p>Le projet pr\u00e9sent\u00e9 est la cr\u00e9ation d&rsquo;une Salle Municipale dans une petie Commune.<\/p>\n<p>La salle existante, se trouvant trop petite pour accueillir les manifestations de plus de 60 personnes, le Conseil a d\u00e9cid\u00e9 la cr\u00e9ation d&rsquo;un nouveau b\u00e2timent, plus adapt\u00e9 aux besoins actuels, et aux normes de s\u00e9curit\u00e9 et d&rsquo;accessibilit\u00e9.<\/p>\n<p><a href=\"http:\/\/www.archib.net\/wp-content\/uploads\/2012\/03\/panoramique-01-copie.jpg\"><img loading=\"lazy\" decoding=\"async\" class=\"alignnone size-large wp-image-339\" title=\"SONY DSC\" src=\"http:\/\/www.archib.net\/wp-content\/uploads\/2012\/03\/panoramique-01-copie-1024x231.jpg\" alt=\"\" width=\"627\" height=\"141\" srcset=\"https:\/\/www.archib.net\/wp-content\/uploads\/2012\/03\/panoramique-01-copie-1024x231.jpg 1024w, https:\/\/www.archib.net\/wp-content\/uploads\/2012\/03\/panoramique-01-copie-300x67.jpg 300w\" sizes=\"auto, (max-width: 627px) 100vw, 627px\" \/><\/a><\/p>\n<p><a href=\"http:\/\/www.archib.net\/wp-content\/uploads\/2012\/03\/vue-02-copie.jpg\"><img loading=\"lazy\" decoding=\"async\" class=\"alignnone size-large wp-image-340\" title=\"SONY DSC\" src=\"http:\/\/www.archib.net\/wp-content\/uploads\/2012\/03\/vue-02-copie-1024x680.jpg\" alt=\"\" width=\"627\" height=\"416\" srcset=\"https:\/\/www.archib.net\/wp-content\/uploads\/2012\/03\/vue-02-copie-1024x680.jpg 1024w, https:\/\/www.archib.net\/wp-content\/uploads\/2012\/03\/vue-02-copie-300x199.jpg 300w\" sizes=\"auto, (max-width: 627px) 100vw, 627px\" \/><\/a><\/p>\n<p>&nbsp;<\/p>\n<p>LE PROJET N&rsquo;A ETE REALISE QUE PARTIELLEMENT POUR LE MOMENT, SEULE LA CANTINE A ETE CONSTRUITE-RESTRUCTUREE:<\/p>\n<p><a href=\"http:\/\/www.archib.net\/wp-content\/uploads\/2013\/02\/DSC01713.jpg\"><img loading=\"lazy\" decoding=\"async\" class=\"alignleft size-large wp-image-503\" src=\"http:\/\/www.archib.net\/wp-content\/uploads\/2013\/02\/DSC01713-1024x680.jpg\" alt=\"SONY DSC\" width=\"627\" height=\"416\" srcset=\"https:\/\/www.archib.net\/wp-content\/uploads\/2013\/02\/DSC01713-1024x680.jpg 1024w, https:\/\/www.archib.net\/wp-content\/uploads\/2013\/02\/DSC01713-300x199.jpg 300w\" sizes=\"auto, (max-width: 627px) 100vw, 627px\" \/><\/a><a href=\"http:\/\/www.archib.net\/wp-content\/uploads\/2013\/02\/IMG_1497.jpg\"><img loading=\"lazy\" decoding=\"async\" class=\"alignleft size-large wp-image-520\" src=\"http:\/\/www.archib.net\/wp-content\/uploads\/2013\/02\/IMG_1497-1024x768.jpg\" alt=\"IMG_1497\" width=\"627\" height=\"470\" srcset=\"https:\/\/www.archib.net\/wp-content\/uploads\/2013\/02\/IMG_1497-1024x768.jpg 1024w, https:\/\/www.archib.net\/wp-content\/uploads\/2013\/02\/IMG_1497-300x225.jpg 300w\" sizes=\"auto, (max-width: 627px) 100vw, 627px\" \/><\/a><a href=\"http:\/\/www.archib.net\/wp-content\/uploads\/2014\/11\/IMG_1500.jpg\"><img loading=\"lazy\" decoding=\"async\" class=\"alignleft size-large wp-image-523\" src=\"http:\/\/www.archib.net\/wp-content\/uploads\/2014\/11\/IMG_1500-1024x768.jpg\" alt=\"IMG_1500\" width=\"627\" height=\"470\" srcset=\"https:\/\/www.archib.net\/wp-content\/uploads\/2014\/11\/IMG_1500-1024x768.jpg 1024w, https:\/\/www.archib.net\/wp-content\/uploads\/2014\/11\/IMG_1500-300x225.jpg 300w, https:\/\/www.archib.net\/wp-content\/uploads\/2014\/11\/IMG_1500-900x675.jpg 900w\" sizes=\"auto, (max-width: 627px) 100vw, 627px\" \/><\/a><a href=\"http:\/\/www.archib.net\/wp-content\/uploads\/2013\/02\/DSC01715.jpg\"><img loading=\"lazy\" decoding=\"async\" class=\"alignleft size-large wp-image-505\" src=\"http:\/\/www.archib.net\/wp-content\/uploads\/2013\/02\/DSC01715-1024x680.jpg\" alt=\"SONY DSC\" width=\"627\" height=\"416\" srcset=\"https:\/\/www.archib.net\/wp-content\/uploads\/2013\/02\/DSC01715-1024x680.jpg 1024w, https:\/\/www.archib.net\/wp-content\/uploads\/2013\/02\/DSC01715-300x199.jpg 300w\" sizes=\"auto, (max-width: 627px) 100vw, 627px\" \/><\/a><a href=\"http:\/\/www.archib.net\/wp-content\/uploads\/2013\/02\/DSC01717.jpg\"><img loading=\"lazy\" decoding=\"async\" class=\"alignleft size-large wp-image-507\" src=\"http:\/\/www.archib.net\/wp-content\/uploads\/2013\/02\/DSC01717-680x1024.jpg\" alt=\"SONY DSC\" width=\"627\" height=\"944\" srcset=\"https:\/\/www.archib.net\/wp-content\/uploads\/2013\/02\/DSC01717-680x1024.jpg 680w, https:\/\/www.archib.net\/wp-content\/uploads\/2013\/02\/DSC01717-199x300.jpg 199w\" sizes=\"auto, (max-width: 627px) 100vw, 627px\" \/><\/a><a href=\"http:\/\/www.archib.net\/wp-content\/uploads\/2013\/02\/DSC01721.jpg\"><img loading=\"lazy\" decoding=\"async\" class=\"alignleft size-large wp-image-511\" src=\"http:\/\/www.archib.net\/wp-content\/uploads\/2013\/02\/DSC01721-1024x680.jpg\" alt=\"SONY DSC\" width=\"627\" height=\"416\" srcset=\"https:\/\/www.archib.net\/wp-content\/uploads\/2013\/02\/DSC01721-1024x680.jpg 1024w, https:\/\/www.archib.net\/wp-content\/uploads\/2013\/02\/DSC01721-300x199.jpg 300w\" sizes=\"auto, (max-width: 627px) 100vw, 627px\" \/><\/a><a href=\"http:\/\/www.archib.net\/wp-content\/uploads\/2013\/02\/IMG_1492.jpg\"><img loading=\"lazy\" decoding=\"async\" class=\"alignleft size-large wp-image-515\" src=\"http:\/\/www.archib.net\/wp-content\/uploads\/2013\/02\/IMG_1492-768x1024.jpg\" alt=\"IMG_1492\" width=\"627\" height=\"836\" srcset=\"https:\/\/www.archib.net\/wp-content\/uploads\/2013\/02\/IMG_1492-768x1024.jpg 768w, https:\/\/www.archib.net\/wp-content\/uploads\/2013\/02\/IMG_1492-225x300.jpg 225w\" sizes=\"auto, (max-width: 627px) 100vw, 627px\" \/><\/a><a href=\"http:\/\/www.archib.net\/wp-content\/uploads\/2013\/02\/IMG_1493.jpg\"><img loading=\"lazy\" decoding=\"async\" class=\"alignleft size-large wp-image-516\" src=\"http:\/\/www.archib.net\/wp-content\/uploads\/2013\/02\/IMG_1493-768x1024.jpg\" alt=\"IMG_1493\" width=\"627\" height=\"836\" srcset=\"https:\/\/www.archib.net\/wp-content\/uploads\/2013\/02\/IMG_1493-768x1024.jpg 768w, https:\/\/www.archib.net\/wp-content\/uploads\/2013\/02\/IMG_1493-225x300.jpg 225w\" sizes=\"auto, (max-width: 627px) 100vw, 627px\" \/><\/a><a href=\"http:\/\/www.archib.net\/wp-content\/uploads\/2013\/02\/IMG_1494.jpg\"><img loading=\"lazy\" decoding=\"async\" class=\"alignleft size-large wp-image-517\" src=\"http:\/\/www.archib.net\/wp-content\/uploads\/2013\/02\/IMG_1494-1024x768.jpg\" alt=\"IMG_1494\" width=\"627\" height=\"470\" srcset=\"https:\/\/www.archib.net\/wp-content\/uploads\/2013\/02\/IMG_1494-1024x768.jpg 1024w, https:\/\/www.archib.net\/wp-content\/uploads\/2013\/02\/IMG_1494-300x225.jpg 300w\" sizes=\"auto, (max-width: 627px) 100vw, 627px\" \/><\/a><a href=\"http:\/\/www.archib.net\/wp-content\/uploads\/2013\/02\/IMG_1495.jpg\"><img loading=\"lazy\" decoding=\"async\" class=\"alignleft size-large wp-image-518\" src=\"http:\/\/www.archib.net\/wp-content\/uploads\/2013\/02\/IMG_1495-1024x768.jpg\" alt=\"IMG_1495\" width=\"627\" height=\"470\" srcset=\"https:\/\/www.archib.net\/wp-content\/uploads\/2013\/02\/IMG_1495-1024x768.jpg 1024w, https:\/\/www.archib.net\/wp-content\/uploads\/2013\/02\/IMG_1495-300x225.jpg 300w\" sizes=\"auto, (max-width: 627px) 100vw, 627px\" \/><\/a><\/p>\n","protected":false},"excerpt":{"rendered":"<p>Le projet pr\u00e9sent\u00e9 est la cr\u00e9ation d&rsquo;une Salle Municipale dans une petie Commune. La salle existante, se trouvant trop petite pour accueillir les manifestations de plus de 60 personnes, le Conseil a d\u00e9cid\u00e9 la cr\u00e9ation d&rsquo;un nouveau b\u00e2timent, plus adapt\u00e9 aux besoins actuels, et aux normes de s\u00e9curit\u00e9 et d&rsquo;accessibilit\u00e9. &nbsp; LE PROJET N&rsquo;A ETE &hellip; <a href=\"https:\/\/www.archib.net\/?p=338\" class=\"more-link\">Continuer la lecture de <span class=\"screen-reader-text\">SALLE MUNICIPALE S-C<\/span>  <span class=\"meta-nav\">&rarr;<\/span><\/a><\/p>\n","protected":false},"author":1,"featured_media":0,"comment_status":"open","ping_status":"open","sticky":false,"template":"","format":"standard","meta":{"footnotes":""},"categories":[9,19],"tags":[32,57,34,33],"class_list":["post-338","post","type-post","status-publish","format-standard","hentry","category-projet-en-cours","category-public","tag-ossature-bois","tag-public","tag-salle-municipale","tag-veture"],"_links":{"self":[{"href":"https:\/\/www.archib.net\/index.php?rest_route=\/wp\/v2\/posts\/338","targetHints":{"allow":["GET"]}}],"collection":[{"href":"https:\/\/www.archib.net\/index.php?rest_route=\/wp\/v2\/posts"}],"about":[{"href":"https:\/\/www.archib.net\/index.php?rest_route=\/wp\/v2\/types\/post"}],"author":[{"embeddable":true,"href":"https:\/\/www.archib.net\/index.php?rest_route=\/wp\/v2\/users\/1"}],"replies":[{"embeddable":true,"href":"https:\/\/www.archib.net\/index.php?rest_route=%2Fwp%2Fv2%2Fcomments&post=338"}],"version-history":[{"count":7,"href":"https:\/\/www.archib.net\/index.php?rest_route=\/wp\/v2\/posts\/338\/revisions"}],"predecessor-version":[{"id":597,"href":"https:\/\/www.archib.net\/index.php?rest_route=\/wp\/v2\/posts\/338\/revisions\/597"}],"wp:attachment":[{"href":"https:\/\/www.archib.net\/index.php?rest_route=%2Fwp%2Fv2%2Fmedia&parent=338"}],"wp:term":[{"taxonomy":"category","embeddable":true,"href":"https:\/\/www.archib.net\/index.php?rest_route=%2Fwp%2Fv2%2Fcategories&post=338"},{"taxonomy":"post_tag","embeddable":true,"href":"https:\/\/www.archib.net\/index.php?rest_route=%2Fwp%2Fv2%2Ftags&post=338"}],"curies":[{"name":"wp","href":"https:\/\/api.w.org\/{rel}","templated":true}]}}