{"id":353,"date":"2012-03-28T07:42:08","date_gmt":"2012-03-28T07:42:08","guid":{"rendered":"http:\/\/www.archib.net\/?p=353"},"modified":"2012-04-27T08:35:33","modified_gmt":"2012-04-27T08:35:33","slug":"quartier-de-commune-s-c","status":"publish","type":"post","link":"https:\/\/www.archib.net\/?p=353","title":{"rendered":"QUARTIER DE COMMUNE S-C"},"content":{"rendered":"<p>La Commune, propri\u00e9taire d&rsquo;un terrain dans les bois, avec une clairi\u00e8re, nous a contact\u00e9 pour faire un lotissement moderne et paysager. Nous nous sommes donc adapt\u00e9s aux d\u00e9nivellations et \u00e0 la v\u00e9g\u00e9tation du site.<\/p>\n<p><a href=\"http:\/\/www.archib.net\/wp-content\/uploads\/2012\/03\/vue-juillet-2011-03-copie.jpg\"><img loading=\"lazy\" decoding=\"async\" class=\"alignnone size-large wp-image-354\" title=\"vue-juillet-2011-03 copie\" src=\"http:\/\/www.archib.net\/wp-content\/uploads\/2012\/03\/vue-juillet-2011-03-copie-1024x357.jpg\" alt=\"\" width=\"627\" height=\"218\" srcset=\"https:\/\/www.archib.net\/wp-content\/uploads\/2012\/03\/vue-juillet-2011-03-copie-1024x357.jpg 1024w, https:\/\/www.archib.net\/wp-content\/uploads\/2012\/03\/vue-juillet-2011-03-copie-300x104.jpg 300w\" sizes=\"auto, (max-width: 627px) 100vw, 627px\" \/><\/a><\/p>\n<p><a href=\"http:\/\/www.archib.net\/wp-content\/uploads\/2012\/03\/vue-juillet-2011-01.jpg\"><img loading=\"lazy\" decoding=\"async\" class=\"alignnone size-large wp-image-355\" title=\"vue-juillet-2011-01\" src=\"http:\/\/www.archib.net\/wp-content\/uploads\/2012\/03\/vue-juillet-2011-01-1024x458.jpg\" alt=\"\" width=\"627\" height=\"280\" srcset=\"https:\/\/www.archib.net\/wp-content\/uploads\/2012\/03\/vue-juillet-2011-01-1024x458.jpg 1024w, https:\/\/www.archib.net\/wp-content\/uploads\/2012\/03\/vue-juillet-2011-01-300x134.jpg 300w\" sizes=\"auto, (max-width: 627px) 100vw, 627px\" \/><\/a><\/p>\n","protected":false},"excerpt":{"rendered":"<p>La Commune, propri\u00e9taire d&rsquo;un terrain dans les bois, avec une clairi\u00e8re, nous a contact\u00e9 pour faire un lotissement moderne et paysager. Nous nous sommes donc adapt\u00e9s aux d\u00e9nivellations et \u00e0 la v\u00e9g\u00e9tation du site.<\/p>\n","protected":false},"author":1,"featured_media":0,"comment_status":"open","ping_status":"open","sticky":false,"template":"","format":"standard","meta":{"footnotes":""},"categories":[9,35],"tags":[36,59],"class_list":["post-353","post","type-post","status-publish","format-standard","hentry","category-projet-en-cours","category-urbanisme","tag-lotissement","tag-urbanisme"],"_links":{"self":[{"href":"https:\/\/www.archib.net\/index.php?rest_route=\/wp\/v2\/posts\/353","targetHints":{"allow":["GET"]}}],"collection":[{"href":"https:\/\/www.archib.net\/index.php?rest_route=\/wp\/v2\/posts"}],"about":[{"href":"https:\/\/www.archib.net\/index.php?rest_route=\/wp\/v2\/types\/post"}],"author":[{"embeddable":true,"href":"https:\/\/www.archib.net\/index.php?rest_route=\/wp\/v2\/users\/1"}],"replies":[{"embeddable":true,"href":"https:\/\/www.archib.net\/index.php?rest_route=%2Fwp%2Fv2%2Fcomments&post=353"}],"version-history":[{"count":3,"href":"https:\/\/www.archib.net\/index.php?rest_route=\/wp\/v2\/posts\/353\/revisions"}],"predecessor-version":[{"id":428,"href":"https:\/\/www.archib.net\/index.php?rest_route=\/wp\/v2\/posts\/353\/revisions\/428"}],"wp:attachment":[{"href":"https:\/\/www.archib.net\/index.php?rest_route=%2Fwp%2Fv2%2Fmedia&parent=353"}],"wp:term":[{"taxonomy":"category","embeddable":true,"href":"https:\/\/www.archib.net\/index.php?rest_route=%2Fwp%2Fv2%2Fcategories&post=353"},{"taxonomy":"post_tag","embeddable":true,"href":"https:\/\/www.archib.net\/index.php?rest_route=%2Fwp%2Fv2%2Ftags&post=353"}],"curies":[{"name":"wp","href":"https:\/\/api.w.org\/{rel}","templated":true}]}}