{"id":405,"date":"2012-04-25T09:42:21","date_gmt":"2012-04-25T09:42:21","guid":{"rendered":"http:\/\/www.archib.net\/?p=405"},"modified":"2014-11-14T15:04:36","modified_gmt":"2014-11-14T15:04:36","slug":"logements-collectifs-sci-d","status":"publish","type":"post","link":"https:\/\/www.archib.net\/?p=405","title":{"rendered":"LOGEMENTS COLLECTIFS SCI D"},"content":{"rendered":"<p>A la base, la construction est une habitation d\u00e9labr\u00e9e avec une grange, situ\u00e9e sur un boulevard de ROCHEFORT.<\/p>\n<p>Le projet est la restructuration de toute la construction en 6 logements.<\/p>\n<p>ETAT ACTUEL<\/p>\n<p><a href=\"http:\/\/www.archib.net\/wp-content\/uploads\/2012\/04\/DSC00296.jpg\"><img loading=\"lazy\" decoding=\"async\" class=\"alignnone size-large wp-image-406\" title=\"SONY DSC\" src=\"http:\/\/www.archib.net\/wp-content\/uploads\/2012\/04\/DSC00296-1024x680.jpg\" alt=\"\" width=\"627\" height=\"416\" srcset=\"https:\/\/www.archib.net\/wp-content\/uploads\/2012\/04\/DSC00296-1024x680.jpg 1024w, https:\/\/www.archib.net\/wp-content\/uploads\/2012\/04\/DSC00296-300x199.jpg 300w\" sizes=\"auto, (max-width: 627px) 100vw, 627px\" \/><\/a><\/p>\n<p><a href=\"http:\/\/www.archib.net\/wp-content\/uploads\/2012\/04\/DSC00300.jpg\"><img loading=\"lazy\" decoding=\"async\" class=\"alignnone size-large wp-image-407\" title=\"SONY DSC\" src=\"http:\/\/www.archib.net\/wp-content\/uploads\/2012\/04\/DSC00300-1024x680.jpg\" alt=\"\" width=\"627\" height=\"416\" srcset=\"https:\/\/www.archib.net\/wp-content\/uploads\/2012\/04\/DSC00300-1024x680.jpg 1024w, https:\/\/www.archib.net\/wp-content\/uploads\/2012\/04\/DSC00300-300x199.jpg 300w\" sizes=\"auto, (max-width: 627px) 100vw, 627px\" \/><\/a><\/p>\n<p>&nbsp;<\/p>\n<p>ETAT FUTUR<\/p>\n<p><a href=\"http:\/\/www.archib.net\/wp-content\/uploads\/2012\/04\/01-copie.jpg\"><img loading=\"lazy\" decoding=\"async\" class=\"alignnone size-large wp-image-408\" title=\"SONY DSC\" src=\"http:\/\/www.archib.net\/wp-content\/uploads\/2012\/04\/01-copie-1024x551.jpg\" alt=\"\" width=\"627\" height=\"337\" srcset=\"https:\/\/www.archib.net\/wp-content\/uploads\/2012\/04\/01-copie-1024x551.jpg 1024w, https:\/\/www.archib.net\/wp-content\/uploads\/2012\/04\/01-copie-300x161.jpg 300w\" sizes=\"auto, (max-width: 627px) 100vw, 627px\" \/><\/a><\/p>\n<p><a href=\"http:\/\/www.archib.net\/wp-content\/uploads\/2012\/04\/02-copie-BIS.jpg\"><img loading=\"lazy\" decoding=\"async\" class=\"alignnone size-large wp-image-409\" title=\"SONY DSC\" src=\"http:\/\/www.archib.net\/wp-content\/uploads\/2012\/04\/02-copie-BIS-1024x727.jpg\" alt=\"\" width=\"627\" height=\"445\" srcset=\"https:\/\/www.archib.net\/wp-content\/uploads\/2012\/04\/02-copie-BIS-1024x727.jpg 1024w, https:\/\/www.archib.net\/wp-content\/uploads\/2012\/04\/02-copie-BIS-300x213.jpg 300w, https:\/\/www.archib.net\/wp-content\/uploads\/2012\/04\/02-copie-BIS.jpg 1814w\" sizes=\"auto, (max-width: 627px) 100vw, 627px\" \/><\/a><\/p>\n<p>&nbsp;<\/p>\n","protected":false},"excerpt":{"rendered":"<p>A la base, la construction est une habitation d\u00e9labr\u00e9e avec une grange, situ\u00e9e sur un boulevard de ROCHEFORT. Le projet est la restructuration de toute la construction en 6 logements. ETAT ACTUEL &nbsp; ETAT FUTUR &nbsp;<\/p>\n","protected":false},"author":1,"featured_media":0,"comment_status":"open","ping_status":"open","sticky":false,"template":"","format":"standard","meta":{"footnotes":""},"categories":[38,27,15],"tags":[39,17],"class_list":["post-405","post","type-post","status-publish","format-standard","hentry","category-logements-collectifs","category-permis-de-construire","category-renovation","tag-logements-collectifs-2","tag-renovation-2"],"_links":{"self":[{"href":"https:\/\/www.archib.net\/index.php?rest_route=\/wp\/v2\/posts\/405","targetHints":{"allow":["GET"]}}],"collection":[{"href":"https:\/\/www.archib.net\/index.php?rest_route=\/wp\/v2\/posts"}],"about":[{"href":"https:\/\/www.archib.net\/index.php?rest_route=\/wp\/v2\/types\/post"}],"author":[{"embeddable":true,"href":"https:\/\/www.archib.net\/index.php?rest_route=\/wp\/v2\/users\/1"}],"replies":[{"embeddable":true,"href":"https:\/\/www.archib.net\/index.php?rest_route=%2Fwp%2Fv2%2Fcomments&post=405"}],"version-history":[{"count":5,"href":"https:\/\/www.archib.net\/index.php?rest_route=\/wp\/v2\/posts\/405\/revisions"}],"predecessor-version":[{"id":415,"href":"https:\/\/www.archib.net\/index.php?rest_route=\/wp\/v2\/posts\/405\/revisions\/415"}],"wp:attachment":[{"href":"https:\/\/www.archib.net\/index.php?rest_route=%2Fwp%2Fv2%2Fmedia&parent=405"}],"wp:term":[{"taxonomy":"category","embeddable":true,"href":"https:\/\/www.archib.net\/index.php?rest_route=%2Fwp%2Fv2%2Fcategories&post=405"},{"taxonomy":"post_tag","embeddable":true,"href":"https:\/\/www.archib.net\/index.php?rest_route=%2Fwp%2Fv2%2Ftags&post=405"}],"curies":[{"name":"wp","href":"https:\/\/api.w.org\/{rel}","templated":true}]}}