{"id":423,"date":"2012-04-25T09:59:04","date_gmt":"2012-04-25T09:59:04","guid":{"rendered":"http:\/\/www.archib.net\/?p=423"},"modified":"2014-11-14T12:50:31","modified_gmt":"2014-11-14T12:50:31","slug":"creation-dun-atelier-de-maintenance-college-g-c-g","status":"publish","type":"post","link":"https:\/\/www.archib.net\/?p=423","title":{"rendered":"CREATION D&rsquo;UN ATELIER DE MAINTENANCE \/ COLLEGE G \/ C.G."},"content":{"rendered":"<p>Le projet est la cr\u00e9ation d&rsquo;un atelier et de 5 garages dans un coll\u00e8ge de LA ROCHELLE.<\/p>\n<p>La construction a \u00e9t\u00e9 r\u00e9alis\u00e9e en structure m\u00e9tallique, avec bardage m\u00e9tallique.<\/p>\n<p>PHOTOS DE CHANTIER<\/p>\n<p><a href=\"http:\/\/www.archib.net\/wp-content\/uploads\/2012\/04\/IMG_0219.jpg\"><img loading=\"lazy\" decoding=\"async\" class=\"alignnone size-large wp-image-425\" title=\"IMG_0219\" src=\"http:\/\/www.archib.net\/wp-content\/uploads\/2012\/04\/IMG_0219-1024x764.jpg\" alt=\"\" width=\"627\" height=\"467\" srcset=\"https:\/\/www.archib.net\/wp-content\/uploads\/2012\/04\/IMG_0219-1024x764.jpg 1024w, https:\/\/www.archib.net\/wp-content\/uploads\/2012\/04\/IMG_0219-300x224.jpg 300w\" sizes=\"auto, (max-width: 627px) 100vw, 627px\" \/><\/a><\/p>\n<p><a href=\"http:\/\/www.archib.net\/wp-content\/uploads\/2012\/04\/IMG_0245.jpg\"><img loading=\"lazy\" decoding=\"async\" class=\"alignnone size-large wp-image-424\" title=\"IMG_0245\" src=\"http:\/\/www.archib.net\/wp-content\/uploads\/2012\/04\/IMG_0245-1024x764.jpg\" alt=\"\" width=\"627\" height=\"467\" srcset=\"https:\/\/www.archib.net\/wp-content\/uploads\/2012\/04\/IMG_0245-1024x764.jpg 1024w, https:\/\/www.archib.net\/wp-content\/uploads\/2012\/04\/IMG_0245-300x224.jpg 300w\" sizes=\"auto, (max-width: 627px) 100vw, 627px\" \/><\/a><\/p>\n<p><a href=\"http:\/\/www.archib.net\/wp-content\/uploads\/2012\/04\/IMG_0246.jpg\"><img loading=\"lazy\" decoding=\"async\" class=\"alignnone size-large wp-image-426\" title=\"IMG_0246\" src=\"http:\/\/www.archib.net\/wp-content\/uploads\/2012\/04\/IMG_0246-1024x764.jpg\" alt=\"\" width=\"627\" height=\"467\" srcset=\"https:\/\/www.archib.net\/wp-content\/uploads\/2012\/04\/IMG_0246-1024x764.jpg 1024w, https:\/\/www.archib.net\/wp-content\/uploads\/2012\/04\/IMG_0246-300x224.jpg 300w\" sizes=\"auto, (max-width: 627px) 100vw, 627px\" \/><\/a><\/p>\n<p>&nbsp;<\/p>\n","protected":false},"excerpt":{"rendered":"<p>Le projet est la cr\u00e9ation d&rsquo;un atelier et de 5 garages dans un coll\u00e8ge de LA ROCHELLE. La construction a \u00e9t\u00e9 r\u00e9alis\u00e9e en structure m\u00e9tallique, avec bardage m\u00e9tallique. PHOTOS DE CHANTIER &nbsp;<\/p>\n","protected":false},"author":1,"featured_media":0,"comment_status":"open","ping_status":"open","sticky":false,"template":"","format":"standard","meta":{"footnotes":""},"categories":[28,20,19],"tags":[13,41,12,57],"class_list":["post-423","post","type-post","status-publish","format-standard","hentry","category-industries","category-projets-realises","category-public","tag-bardage-metallique","tag-college","tag-ossature-metallique","tag-public"],"_links":{"self":[{"href":"https:\/\/www.archib.net\/index.php?rest_route=\/wp\/v2\/posts\/423","targetHints":{"allow":["GET"]}}],"collection":[{"href":"https:\/\/www.archib.net\/index.php?rest_route=\/wp\/v2\/posts"}],"about":[{"href":"https:\/\/www.archib.net\/index.php?rest_route=\/wp\/v2\/types\/post"}],"author":[{"embeddable":true,"href":"https:\/\/www.archib.net\/index.php?rest_route=\/wp\/v2\/users\/1"}],"replies":[{"embeddable":true,"href":"https:\/\/www.archib.net\/index.php?rest_route=%2Fwp%2Fv2%2Fcomments&post=423"}],"version-history":[{"count":2,"href":"https:\/\/www.archib.net\/index.php?rest_route=\/wp\/v2\/posts\/423\/revisions"}],"predecessor-version":[{"id":539,"href":"https:\/\/www.archib.net\/index.php?rest_route=\/wp\/v2\/posts\/423\/revisions\/539"}],"wp:attachment":[{"href":"https:\/\/www.archib.net\/index.php?rest_route=%2Fwp%2Fv2%2Fmedia&parent=423"}],"wp:term":[{"taxonomy":"category","embeddable":true,"href":"https:\/\/www.archib.net\/index.php?rest_route=%2Fwp%2Fv2%2Fcategories&post=423"},{"taxonomy":"post_tag","embeddable":true,"href":"https:\/\/www.archib.net\/index.php?rest_route=%2Fwp%2Fv2%2Ftags&post=423"}],"curies":[{"name":"wp","href":"https:\/\/api.w.org\/{rel}","templated":true}]}}