{"id":467,"date":"2013-02-15T17:17:14","date_gmt":"2013-02-15T17:17:14","guid":{"rendered":"http:\/\/www.archib.net\/?p=467"},"modified":"2014-11-14T14:42:30","modified_gmt":"2014-11-14T14:42:30","slug":"sanitaires-scolaires","status":"publish","type":"post","link":"https:\/\/www.archib.net\/?p=467","title":{"rendered":"SANITAIRES SCOLAIRES"},"content":{"rendered":"<p>Le projet est la r\u00e9alisation de nouveaux sanitaires, avec pr\u00e9au et bureau de direction (th\u00e8me d\u00e9j\u00e0 r\u00e9alis\u00e9 auparavant, mais mise en forme tout \u00e0 fait diff\u00e9rente).<\/p>\n<p>Le b\u00e2timent existant date du d\u00e9but XX\u00e8, original et adapt\u00e9 \u00e0 l&rsquo;accueil d&rsquo;une classe, il lui manque cependant des sanitaires dignes de ce nom, pour le moment, c&rsquo;est une \u00ab\u00a0cabane\u00a0\u00bb, pas isol\u00e9e, avec des portes \u00e0 mi-hauteur, donnant directement sur la cour de r\u00e9cr\u00e9ation.<\/p>\n<p>A la suite de discussion avec le Conseil Municipal, l&rsquo;agrandissement du projet par un nouveau pr\u00e9au a \u00e9t\u00e9 \u00e9voqu\u00e9, il sera la continuit\u00e9 du nouveau b\u00e2timent.<\/p>\n<p>ESQUISSE:<\/p>\n<figure id=\"attachment_501\" aria-describedby=\"caption-attachment-501\" style=\"width: 627px\" class=\"wp-caption alignleft\"><a href=\"http:\/\/www.archib.net\/wp-content\/uploads\/2013\/02\/DSC01755.jpg\"><img loading=\"lazy\" decoding=\"async\" class=\"wp-image-501 size-large\" src=\"http:\/\/www.archib.net\/wp-content\/uploads\/2013\/02\/DSC01755-1024x680.jpg\" alt=\"SONY DSC\" width=\"627\" height=\"416\" srcset=\"https:\/\/www.archib.net\/wp-content\/uploads\/2013\/02\/DSC01755-1024x680.jpg 1024w, https:\/\/www.archib.net\/wp-content\/uploads\/2013\/02\/DSC01755-300x199.jpg 300w\" sizes=\"auto, (max-width: 627px) 100vw, 627px\" \/><\/a><figcaption id=\"caption-attachment-501\" class=\"wp-caption-text\">ET VOICI LA REALISATION TERMINEE (HORS PREAU ET SANITAIRES ANCIENS DEMOLIS)<\/figcaption><\/figure>\n<p><a href=\"http:\/\/www.archib.net\/wp-content\/uploads\/2013\/02\/PLAN-05-copie.jpg\"><img loading=\"lazy\" decoding=\"async\" class=\"alignleft size-large wp-image-472\" src=\"http:\/\/www.archib.net\/wp-content\/uploads\/2013\/02\/PLAN-05-copie-1024x799.jpg\" alt=\"PLAN-05 copie\" width=\"627\" height=\"489\" srcset=\"https:\/\/www.archib.net\/wp-content\/uploads\/2013\/02\/PLAN-05-copie-1024x799.jpg 1024w, https:\/\/www.archib.net\/wp-content\/uploads\/2013\/02\/PLAN-05-copie-300x234.jpg 300w, https:\/\/www.archib.net\/wp-content\/uploads\/2013\/02\/PLAN-05-copie.jpg 1453w\" sizes=\"auto, (max-width: 627px) 100vw, 627px\" \/><\/a><a href=\"http:\/\/www.archib.net\/wp-content\/uploads\/2013\/02\/PC-FA\u00c7ADES-FUTUR-05-copie.jpg\"><img loading=\"lazy\" decoding=\"async\" class=\"alignleft size-large wp-image-471\" src=\"http:\/\/www.archib.net\/wp-content\/uploads\/2013\/02\/PC-FA\u00c7ADES-FUTUR-05-copie-1024x641.jpg\" alt=\"PC-FA\u00c7ADES-FUTUR-05 copie\" width=\"627\" height=\"392\" srcset=\"https:\/\/www.archib.net\/wp-content\/uploads\/2013\/02\/PC-FA\u00c7ADES-FUTUR-05-copie-1024x641.jpg 1024w, https:\/\/www.archib.net\/wp-content\/uploads\/2013\/02\/PC-FA\u00c7ADES-FUTUR-05-copie-300x187.jpg 300w\" sizes=\"auto, (max-width: 627px) 100vw, 627px\" \/><\/a><a href=\"http:\/\/www.archib.net\/wp-content\/uploads\/2013\/02\/02-copie.jpg\"><img loading=\"lazy\" decoding=\"async\" class=\"alignleft size-large wp-image-469\" src=\"http:\/\/www.archib.net\/wp-content\/uploads\/2013\/02\/02-copie-1024x764.jpg\" alt=\"02 copie\" width=\"627\" height=\"467\" srcset=\"https:\/\/www.archib.net\/wp-content\/uploads\/2013\/02\/02-copie-1024x764.jpg 1024w, https:\/\/www.archib.net\/wp-content\/uploads\/2013\/02\/02-copie-300x224.jpg 300w\" sizes=\"auto, (max-width: 627px) 100vw, 627px\" \/><\/a><a href=\"http:\/\/www.archib.net\/wp-content\/uploads\/2013\/02\/02-BIS-copie.jpg\"><img loading=\"lazy\" decoding=\"async\" class=\"alignleft size-large wp-image-470\" src=\"http:\/\/www.archib.net\/wp-content\/uploads\/2013\/02\/02-BIS-copie-1024x764.jpg\" alt=\"02 BIS-copie\" width=\"627\" height=\"467\" srcset=\"https:\/\/www.archib.net\/wp-content\/uploads\/2013\/02\/02-BIS-copie-1024x764.jpg 1024w, https:\/\/www.archib.net\/wp-content\/uploads\/2013\/02\/02-BIS-copie-300x224.jpg 300w\" sizes=\"auto, (max-width: 627px) 100vw, 627px\" \/><\/a><a href=\"http:\/\/www.archib.net\/wp-content\/uploads\/2013\/02\/DSC01741.jpg\"><img loading=\"lazy\" decoding=\"async\" class=\"alignleft size-large wp-image-487\" src=\"http:\/\/www.archib.net\/wp-content\/uploads\/2013\/02\/DSC01741-1024x680.jpg\" alt=\"SONY DSC\" width=\"627\" height=\"416\" srcset=\"https:\/\/www.archib.net\/wp-content\/uploads\/2013\/02\/DSC01741-1024x680.jpg 1024w, https:\/\/www.archib.net\/wp-content\/uploads\/2013\/02\/DSC01741-300x199.jpg 300w\" sizes=\"auto, (max-width: 627px) 100vw, 627px\" \/><\/a><a href=\"http:\/\/www.archib.net\/wp-content\/uploads\/2013\/02\/DSC01743.jpg\"><img loading=\"lazy\" decoding=\"async\" class=\"alignleft size-large wp-image-489\" src=\"http:\/\/www.archib.net\/wp-content\/uploads\/2013\/02\/DSC01743-680x1024.jpg\" alt=\"SONY DSC\" width=\"627\" height=\"944\" srcset=\"https:\/\/www.archib.net\/wp-content\/uploads\/2013\/02\/DSC01743-680x1024.jpg 680w, https:\/\/www.archib.net\/wp-content\/uploads\/2013\/02\/DSC01743-199x300.jpg 199w\" sizes=\"auto, (max-width: 627px) 100vw, 627px\" \/><\/a><a href=\"http:\/\/www.archib.net\/wp-content\/uploads\/2013\/02\/DSC01752.jpg\"><img loading=\"lazy\" decoding=\"async\" class=\"alignleft size-large wp-image-498\" src=\"http:\/\/www.archib.net\/wp-content\/uploads\/2013\/02\/DSC01752-1024x680.jpg\" alt=\"SONY DSC\" width=\"627\" height=\"416\" srcset=\"https:\/\/www.archib.net\/wp-content\/uploads\/2013\/02\/DSC01752-1024x680.jpg 1024w, https:\/\/www.archib.net\/wp-content\/uploads\/2013\/02\/DSC01752-300x199.jpg 300w\" sizes=\"auto, (max-width: 627px) 100vw, 627px\" \/><\/a><\/p>\n","protected":false},"excerpt":{"rendered":"<p>Le projet est la r\u00e9alisation de nouveaux sanitaires, avec pr\u00e9au et bureau de direction (th\u00e8me d\u00e9j\u00e0 r\u00e9alis\u00e9 auparavant, mais mise en forme tout \u00e0 fait diff\u00e9rente). Le b\u00e2timent existant date du d\u00e9but XX\u00e8, original et adapt\u00e9 \u00e0 l&rsquo;accueil d&rsquo;une classe, il lui manque cependant des sanitaires dignes de ce nom, pour le moment, c&rsquo;est une &hellip; <a href=\"https:\/\/www.archib.net\/?p=467\" class=\"more-link\">Continuer la lecture de <span class=\"screen-reader-text\">SANITAIRES SCOLAIRES<\/span>  <span class=\"meta-nav\">&rarr;<\/span><\/a><\/p>\n","protected":false},"author":1,"featured_media":0,"comment_status":"open","ping_status":"open","sticky":false,"template":"","format":"standard","meta":{"footnotes":""},"categories":[14,20,19,15],"tags":[18,40,57,17,42],"class_list":["post-467","post","type-post","status-publish","format-standard","hentry","category-agrandissement","category-projets-realises","category-public","category-renovation","tag-agrandissement-2","tag-ecole","tag-public","tag-renovation-2","tag-sanitaires"],"_links":{"self":[{"href":"https:\/\/www.archib.net\/index.php?rest_route=\/wp\/v2\/posts\/467","targetHints":{"allow":["GET"]}}],"collection":[{"href":"https:\/\/www.archib.net\/index.php?rest_route=\/wp\/v2\/posts"}],"about":[{"href":"https:\/\/www.archib.net\/index.php?rest_route=\/wp\/v2\/types\/post"}],"author":[{"embeddable":true,"href":"https:\/\/www.archib.net\/index.php?rest_route=\/wp\/v2\/users\/1"}],"replies":[{"embeddable":true,"href":"https:\/\/www.archib.net\/index.php?rest_route=%2Fwp%2Fv2%2Fcomments&post=467"}],"version-history":[{"count":5,"href":"https:\/\/www.archib.net\/index.php?rest_route=\/wp\/v2\/posts\/467\/revisions"}],"predecessor-version":[{"id":596,"href":"https:\/\/www.archib.net\/index.php?rest_route=\/wp\/v2\/posts\/467\/revisions\/596"}],"wp:attachment":[{"href":"https:\/\/www.archib.net\/index.php?rest_route=%2Fwp%2Fv2%2Fmedia&parent=467"}],"wp:term":[{"taxonomy":"category","embeddable":true,"href":"https:\/\/www.archib.net\/index.php?rest_route=%2Fwp%2Fv2%2Fcategories&post=467"},{"taxonomy":"post_tag","embeddable":true,"href":"https:\/\/www.archib.net\/index.php?rest_route=%2Fwp%2Fv2%2Ftags&post=467"}],"curies":[{"name":"wp","href":"https:\/\/api.w.org\/{rel}","templated":true}]}}