{"id":852,"date":"2018-06-04T07:21:52","date_gmt":"2018-06-04T07:21:52","guid":{"rendered":"http:\/\/www.archib.net\/?p=852"},"modified":"2018-06-04T10:00:05","modified_gmt":"2018-06-04T10:00:05","slug":"restructuration-dune-vielle-habitation-en-gites","status":"publish","type":"post","link":"https:\/\/www.archib.net\/?p=852","title":{"rendered":"RESTRUCTURATION D&rsquo;UNE VIELLE HABITATION EN G\u00ceTES"},"content":{"rendered":"<p>L&rsquo;\u00e9tat actuel de l&rsquo;habitation est proche de la ruine (il reste quelques parties encore couvertes, mais dangereuses):<\/p>\n<p><a href=\"http:\/\/www.archib.net\/wp-content\/uploads\/2018\/06\/IMG_3268.jpg\"><img loading=\"lazy\" decoding=\"async\" class=\"size-large wp-image-853 alignnone\" src=\"http:\/\/www.archib.net\/wp-content\/uploads\/2018\/06\/IMG_3268-1024x768.jpg\" alt=\"\" width=\"474\" height=\"356\" srcset=\"https:\/\/www.archib.net\/wp-content\/uploads\/2018\/06\/IMG_3268-1024x768.jpg 1024w, https:\/\/www.archib.net\/wp-content\/uploads\/2018\/06\/IMG_3268-300x225.jpg 300w, https:\/\/www.archib.net\/wp-content\/uploads\/2018\/06\/IMG_3268-768x576.jpg 768w\" sizes=\"auto, (max-width: 474px) 100vw, 474px\" \/><\/a><\/p>\n<p>Les ma\u00eetres d&rsquo;ouvrage vont r\u00e9aliser les travaux en auto-construction, et normalement, en 2019, le b\u00e2timent devrait ressembler \u00e0 cela:<\/p>\n<p><a href=\"http:\/\/www.archib.net\/wp-content\/uploads\/2018\/06\/PROCHE-FUTUR-01-copie.jpg\"><img loading=\"lazy\" decoding=\"async\" class=\"size-full wp-image-856 alignnone\" src=\"http:\/\/www.archib.net\/wp-content\/uploads\/2018\/06\/PROCHE-FUTUR-01-copie.jpg\" alt=\"\" width=\"935\" height=\"701\" srcset=\"https:\/\/www.archib.net\/wp-content\/uploads\/2018\/06\/PROCHE-FUTUR-01-copie.jpg 935w, https:\/\/www.archib.net\/wp-content\/uploads\/2018\/06\/PROCHE-FUTUR-01-copie-300x225.jpg 300w, https:\/\/www.archib.net\/wp-content\/uploads\/2018\/06\/PROCHE-FUTUR-01-copie-768x576.jpg 768w\" sizes=\"auto, (max-width: 935px) 100vw, 935px\" \/><\/a><\/p>\n<p>La construction sera r\u00e9nov\u00e9e, et restructur\u00e9e en deux g\u00eetes.<\/p>\n<p><a href=\"http:\/\/www.archib.net\/wp-content\/uploads\/2018\/06\/03.jpg\"><img loading=\"lazy\" decoding=\"async\" class=\"size-large wp-image-854 alignnone\" src=\"http:\/\/www.archib.net\/wp-content\/uploads\/2018\/06\/03-1024x576.jpg\" alt=\"\" width=\"474\" height=\"267\" srcset=\"https:\/\/www.archib.net\/wp-content\/uploads\/2018\/06\/03-1024x576.jpg 1024w, https:\/\/www.archib.net\/wp-content\/uploads\/2018\/06\/03-300x169.jpg 300w, https:\/\/www.archib.net\/wp-content\/uploads\/2018\/06\/03-768x432.jpg 768w, https:\/\/www.archib.net\/wp-content\/uploads\/2018\/06\/03.jpg 1280w\" sizes=\"auto, (max-width: 474px) 100vw, 474px\" \/><\/a> <a href=\"http:\/\/www.archib.net\/wp-content\/uploads\/2018\/06\/JPEG_411.jpg\"><img loading=\"lazy\" decoding=\"async\" class=\"size-large wp-image-855 alignnone\" src=\"http:\/\/www.archib.net\/wp-content\/uploads\/2018\/06\/JPEG_411-1024x576.jpg\" alt=\"\" width=\"474\" height=\"267\" srcset=\"https:\/\/www.archib.net\/wp-content\/uploads\/2018\/06\/JPEG_411-1024x576.jpg 1024w, https:\/\/www.archib.net\/wp-content\/uploads\/2018\/06\/JPEG_411-300x169.jpg 300w, https:\/\/www.archib.net\/wp-content\/uploads\/2018\/06\/JPEG_411-768x432.jpg 768w, https:\/\/www.archib.net\/wp-content\/uploads\/2018\/06\/JPEG_411.jpg 1280w\" sizes=\"auto, (max-width: 474px) 100vw, 474px\" \/><\/a><\/p>\n<p>&nbsp;<\/p>\n<p>&nbsp;<\/p>\n","protected":false},"excerpt":{"rendered":"<p>L&rsquo;\u00e9tat actuel de l&rsquo;habitation est proche de la ruine (il reste quelques parties encore couvertes, mais dangereuses): Les ma\u00eetres d&rsquo;ouvrage vont r\u00e9aliser les travaux en auto-construction, et normalement, en 2019, le b\u00e2timent devrait ressembler \u00e0 cela: La construction sera r\u00e9nov\u00e9e, et restructur\u00e9e en deux g\u00eetes. &nbsp; &nbsp;<\/p>\n","protected":false},"author":1,"featured_media":0,"comment_status":"open","ping_status":"open","sticky":false,"template":"","format":"standard","meta":{"footnotes":""},"categories":[8,27,15],"tags":[7,17,55],"class_list":["post-852","post","type-post","status-publish","format-standard","hentry","category-maisons","category-permis-de-construire","category-renovation","tag-maison","tag-renovation-2","tag-restructuration-totale"],"_links":{"self":[{"href":"https:\/\/www.archib.net\/index.php?rest_route=\/wp\/v2\/posts\/852","targetHints":{"allow":["GET"]}}],"collection":[{"href":"https:\/\/www.archib.net\/index.php?rest_route=\/wp\/v2\/posts"}],"about":[{"href":"https:\/\/www.archib.net\/index.php?rest_route=\/wp\/v2\/types\/post"}],"author":[{"embeddable":true,"href":"https:\/\/www.archib.net\/index.php?rest_route=\/wp\/v2\/users\/1"}],"replies":[{"embeddable":true,"href":"https:\/\/www.archib.net\/index.php?rest_route=%2Fwp%2Fv2%2Fcomments&post=852"}],"version-history":[{"count":3,"href":"https:\/\/www.archib.net\/index.php?rest_route=\/wp\/v2\/posts\/852\/revisions"}],"predecessor-version":[{"id":1013,"href":"https:\/\/www.archib.net\/index.php?rest_route=\/wp\/v2\/posts\/852\/revisions\/1013"}],"wp:attachment":[{"href":"https:\/\/www.archib.net\/index.php?rest_route=%2Fwp%2Fv2%2Fmedia&parent=852"}],"wp:term":[{"taxonomy":"category","embeddable":true,"href":"https:\/\/www.archib.net\/index.php?rest_route=%2Fwp%2Fv2%2Fcategories&post=852"},{"taxonomy":"post_tag","embeddable":true,"href":"https:\/\/www.archib.net\/index.php?rest_route=%2Fwp%2Fv2%2Ftags&post=852"}],"curies":[{"name":"wp","href":"https:\/\/api.w.org\/{rel}","templated":true}]}}