{"id":959,"date":"2018-06-04T08:45:17","date_gmt":"2018-06-04T08:45:17","guid":{"rendered":"http:\/\/www.archib.net\/?p=959"},"modified":"2018-06-04T09:59:09","modified_gmt":"2018-06-04T09:59:09","slug":"une-maison-neuve-entre-typologie-locale-et-modernite","status":"publish","type":"post","link":"https:\/\/www.archib.net\/?p=959","title":{"rendered":"Une maison neuve, entre typologie locale et modernit\u00e9"},"content":{"rendered":"<p>Cette habitation se trouve sur un terrain en contrebas d&rsquo;une rue peu passante. Afin d&rsquo;avoir de l&rsquo;intimit\u00e9 et une orientation agr\u00e9able pour les espaces de vie, la construction a \u00e9t\u00e9 recul\u00e9e au maximum possible par rapport \u00e0 la rue, ne laissant appara\u00eetre qu&rsquo;un auvent depuis l&rsquo;acc\u00e8s:<\/p>\n<p><a href=\"http:\/\/www.archib.net\/wp-content\/uploads\/2018\/06\/vue-01-copie.jpg\"><img loading=\"lazy\" decoding=\"async\" class=\"size-full wp-image-925 alignnone\" src=\"http:\/\/www.archib.net\/wp-content\/uploads\/2018\/06\/vue-01-copie.jpg\" alt=\"\" width=\"709\" height=\"531\" srcset=\"https:\/\/www.archib.net\/wp-content\/uploads\/2018\/06\/vue-01-copie.jpg 709w, https:\/\/www.archib.net\/wp-content\/uploads\/2018\/06\/vue-01-copie-300x225.jpg 300w\" sizes=\"auto, (max-width: 709px) 100vw, 709px\" \/><\/a><\/p>\n<p>&nbsp;<\/p>\n<p>La fa\u00e7ade Sud \u00e9tait initialement pr\u00e9vue avec une pergola en bois:<\/p>\n<p><a href=\"http:\/\/www.archib.net\/wp-content\/uploads\/2018\/06\/02.jpg\"><img loading=\"lazy\" decoding=\"async\" class=\"size-large wp-image-922 alignnone\" src=\"http:\/\/www.archib.net\/wp-content\/uploads\/2018\/06\/02-1024x768.jpg\" alt=\"\" width=\"474\" height=\"356\" srcset=\"https:\/\/www.archib.net\/wp-content\/uploads\/2018\/06\/02.jpg 1024w, https:\/\/www.archib.net\/wp-content\/uploads\/2018\/06\/02-300x225.jpg 300w, https:\/\/www.archib.net\/wp-content\/uploads\/2018\/06\/02-768x576.jpg 768w\" sizes=\"auto, (max-width: 474px) 100vw, 474px\" \/><\/a> <a href=\"http:\/\/www.archib.net\/wp-content\/uploads\/2018\/06\/01-1.jpg\"><img loading=\"lazy\" decoding=\"async\" class=\"size-large wp-image-921 alignnone\" src=\"http:\/\/www.archib.net\/wp-content\/uploads\/2018\/06\/01-1-1024x576.jpg\" alt=\"\" width=\"474\" height=\"267\" srcset=\"https:\/\/www.archib.net\/wp-content\/uploads\/2018\/06\/01-1-1024x576.jpg 1024w, https:\/\/www.archib.net\/wp-content\/uploads\/2018\/06\/01-1-300x169.jpg 300w, https:\/\/www.archib.net\/wp-content\/uploads\/2018\/06\/01-1-768x432.jpg 768w, https:\/\/www.archib.net\/wp-content\/uploads\/2018\/06\/01-1.jpg 1280w\" sizes=\"auto, (max-width: 474px) 100vw, 474px\" \/><\/a><\/p>\n<p>En partie arri\u00e8re, la piscine est prot\u00e9g\u00e9e des regards, et profite d&rsquo;une orientation EST &#8211; SUD-EST, \u00a0avec de larges ouvertures depuis les pi\u00e8ces principales:<\/p>\n<p><a href=\"http:\/\/www.archib.net\/wp-content\/uploads\/2018\/06\/03-1.jpg\"><img loading=\"lazy\" decoding=\"async\" class=\"size-large wp-image-923 alignnone\" src=\"http:\/\/www.archib.net\/wp-content\/uploads\/2018\/06\/03-1-1024x768.jpg\" alt=\"\" width=\"474\" height=\"356\" srcset=\"https:\/\/www.archib.net\/wp-content\/uploads\/2018\/06\/03-1.jpg 1024w, https:\/\/www.archib.net\/wp-content\/uploads\/2018\/06\/03-1-300x225.jpg 300w, https:\/\/www.archib.net\/wp-content\/uploads\/2018\/06\/03-1-768x576.jpg 768w\" sizes=\"auto, (max-width: 474px) 100vw, 474px\" \/><\/a> <a href=\"http:\/\/www.archib.net\/wp-content\/uploads\/2018\/06\/04.jpg\"><img loading=\"lazy\" decoding=\"async\" class=\"size-large wp-image-924 alignnone\" src=\"http:\/\/www.archib.net\/wp-content\/uploads\/2018\/06\/04-1024x768.jpg\" alt=\"\" width=\"474\" height=\"356\" srcset=\"https:\/\/www.archib.net\/wp-content\/uploads\/2018\/06\/04.jpg 1024w, https:\/\/www.archib.net\/wp-content\/uploads\/2018\/06\/04-300x225.jpg 300w, https:\/\/www.archib.net\/wp-content\/uploads\/2018\/06\/04-768x576.jpg 768w\" sizes=\"auto, (max-width: 474px) 100vw, 474px\" \/><\/a><\/p>\n<p>&nbsp;<\/p>\n<p>Le projet final a \u00e9t\u00e9 l\u00e9g\u00e8rement modifi\u00e9:<\/p>\n<p><a href=\"http:\/\/www.archib.net\/wp-content\/uploads\/2018\/06\/01-6.jpg\"><img loading=\"lazy\" decoding=\"async\" class=\"size-full wp-image-960 alignnone\" src=\"http:\/\/www.archib.net\/wp-content\/uploads\/2018\/06\/01-6.jpg\" alt=\"\" width=\"600\" height=\"400\" srcset=\"https:\/\/www.archib.net\/wp-content\/uploads\/2018\/06\/01-6.jpg 600w, https:\/\/www.archib.net\/wp-content\/uploads\/2018\/06\/01-6-300x200.jpg 300w\" sizes=\"auto, (max-width: 600px) 100vw, 600px\" \/><\/a> <a href=\"http:\/\/www.archib.net\/wp-content\/uploads\/2018\/06\/02-5.jpg\"><img loading=\"lazy\" decoding=\"async\" class=\"size-large wp-image-961 alignnone\" src=\"http:\/\/www.archib.net\/wp-content\/uploads\/2018\/06\/02-5.jpg\" alt=\"\" width=\"474\" height=\"316\" srcset=\"https:\/\/www.archib.net\/wp-content\/uploads\/2018\/06\/02-5.jpg 600w, https:\/\/www.archib.net\/wp-content\/uploads\/2018\/06\/02-5-300x200.jpg 300w\" sizes=\"auto, (max-width: 474px) 100vw, 474px\" \/><\/a> <a href=\"http:\/\/www.archib.net\/wp-content\/uploads\/2018\/06\/03-6.jpg\"><img loading=\"lazy\" decoding=\"async\" class=\"size-large wp-image-962 alignnone\" src=\"http:\/\/www.archib.net\/wp-content\/uploads\/2018\/06\/03-6.jpg\" alt=\"\" width=\"474\" height=\"316\" srcset=\"https:\/\/www.archib.net\/wp-content\/uploads\/2018\/06\/03-6.jpg 600w, https:\/\/www.archib.net\/wp-content\/uploads\/2018\/06\/03-6-300x200.jpg 300w\" sizes=\"auto, (max-width: 474px) 100vw, 474px\" \/><\/a> <a href=\"http:\/\/www.archib.net\/wp-content\/uploads\/2018\/06\/04-4.jpg\"><img loading=\"lazy\" decoding=\"async\" class=\"size-large wp-image-963 alignnone\" src=\"http:\/\/www.archib.net\/wp-content\/uploads\/2018\/06\/04-4.jpg\" alt=\"\" width=\"474\" height=\"316\" srcset=\"https:\/\/www.archib.net\/wp-content\/uploads\/2018\/06\/04-4.jpg 600w, https:\/\/www.archib.net\/wp-content\/uploads\/2018\/06\/04-4-300x200.jpg 300w\" sizes=\"auto, (max-width: 474px) 100vw, 474px\" \/><\/a> <a href=\"http:\/\/www.archib.net\/wp-content\/uploads\/2018\/06\/05-3.jpg\"><img loading=\"lazy\" decoding=\"async\" class=\"size-large wp-image-964 alignnone\" src=\"http:\/\/www.archib.net\/wp-content\/uploads\/2018\/06\/05-3.jpg\" alt=\"\" width=\"474\" height=\"316\" srcset=\"https:\/\/www.archib.net\/wp-content\/uploads\/2018\/06\/05-3.jpg 600w, https:\/\/www.archib.net\/wp-content\/uploads\/2018\/06\/05-3-300x200.jpg 300w\" sizes=\"auto, (max-width: 474px) 100vw, 474px\" \/><\/a> <a href=\"http:\/\/www.archib.net\/wp-content\/uploads\/2018\/06\/06-3.jpg\"><img loading=\"lazy\" decoding=\"async\" class=\"size-large wp-image-965 alignnone\" src=\"http:\/\/www.archib.net\/wp-content\/uploads\/2018\/06\/06-3.jpg\" alt=\"\" width=\"474\" height=\"316\" srcset=\"https:\/\/www.archib.net\/wp-content\/uploads\/2018\/06\/06-3.jpg 600w, https:\/\/www.archib.net\/wp-content\/uploads\/2018\/06\/06-3-300x200.jpg 300w\" sizes=\"auto, (max-width: 474px) 100vw, 474px\" \/><\/a> <a href=\"http:\/\/www.archib.net\/wp-content\/uploads\/2018\/06\/07.jpg\"><img loading=\"lazy\" decoding=\"async\" class=\"size-large wp-image-966 alignnone\" src=\"http:\/\/www.archib.net\/wp-content\/uploads\/2018\/06\/07.jpg\" alt=\"\" width=\"474\" height=\"316\" srcset=\"https:\/\/www.archib.net\/wp-content\/uploads\/2018\/06\/07.jpg 600w, https:\/\/www.archib.net\/wp-content\/uploads\/2018\/06\/07-300x200.jpg 300w\" sizes=\"auto, (max-width: 474px) 100vw, 474px\" \/><\/a> <a href=\"http:\/\/www.archib.net\/wp-content\/uploads\/2018\/06\/08.jpg\"><img loading=\"lazy\" decoding=\"async\" class=\"size-large wp-image-967 alignnone\" src=\"http:\/\/www.archib.net\/wp-content\/uploads\/2018\/06\/08.jpg\" alt=\"\" width=\"474\" height=\"316\" srcset=\"https:\/\/www.archib.net\/wp-content\/uploads\/2018\/06\/08.jpg 600w, https:\/\/www.archib.net\/wp-content\/uploads\/2018\/06\/08-300x200.jpg 300w\" sizes=\"auto, (max-width: 474px) 100vw, 474px\" \/><\/a><\/p>\n<p>&nbsp;<\/p>\n<p>&nbsp;<\/p>\n","protected":false},"excerpt":{"rendered":"<p>Cette habitation se trouve sur un terrain en contrebas d&rsquo;une rue peu passante. Afin d&rsquo;avoir de l&rsquo;intimit\u00e9 et une orientation agr\u00e9able pour les espaces de vie, la construction a \u00e9t\u00e9 recul\u00e9e au maximum possible par rapport \u00e0 la rue, ne laissant appara\u00eetre qu&rsquo;un auvent depuis l&rsquo;acc\u00e8s: &nbsp; La fa\u00e7ade Sud \u00e9tait initialement pr\u00e9vue avec une &hellip; <a href=\"https:\/\/www.archib.net\/?p=959\" class=\"more-link\">Continuer la lecture de <span class=\"screen-reader-text\">Une maison neuve, entre typologie locale et modernit\u00e9<\/span>  <span class=\"meta-nav\">&rarr;<\/span><\/a><\/p>\n","protected":false},"author":1,"featured_media":0,"comment_status":"open","ping_status":"open","sticky":false,"template":"","format":"standard","meta":{"footnotes":""},"categories":[8,27],"tags":[7,64],"class_list":["post-959","post","type-post","status-publish","format-standard","hentry","category-maisons","category-permis-de-construire","tag-maison","tag-moderne"],"_links":{"self":[{"href":"https:\/\/www.archib.net\/index.php?rest_route=\/wp\/v2\/posts\/959","targetHints":{"allow":["GET"]}}],"collection":[{"href":"https:\/\/www.archib.net\/index.php?rest_route=\/wp\/v2\/posts"}],"about":[{"href":"https:\/\/www.archib.net\/index.php?rest_route=\/wp\/v2\/types\/post"}],"author":[{"embeddable":true,"href":"https:\/\/www.archib.net\/index.php?rest_route=\/wp\/v2\/users\/1"}],"replies":[{"embeddable":true,"href":"https:\/\/www.archib.net\/index.php?rest_route=%2Fwp%2Fv2%2Fcomments&post=959"}],"version-history":[{"count":2,"href":"https:\/\/www.archib.net\/index.php?rest_route=\/wp\/v2\/posts\/959\/revisions"}],"predecessor-version":[{"id":1011,"href":"https:\/\/www.archib.net\/index.php?rest_route=\/wp\/v2\/posts\/959\/revisions\/1011"}],"wp:attachment":[{"href":"https:\/\/www.archib.net\/index.php?rest_route=%2Fwp%2Fv2%2Fmedia&parent=959"}],"wp:term":[{"taxonomy":"category","embeddable":true,"href":"https:\/\/www.archib.net\/index.php?rest_route=%2Fwp%2Fv2%2Fcategories&post=959"},{"taxonomy":"post_tag","embeddable":true,"href":"https:\/\/www.archib.net\/index.php?rest_route=%2Fwp%2Fv2%2Ftags&post=959"}],"curies":[{"name":"wp","href":"https:\/\/api.w.org\/{rel}","templated":true}]}}