{"id":969,"date":"2018-06-04T09:00:59","date_gmt":"2018-06-04T09:00:59","guid":{"rendered":"http:\/\/www.archib.net\/?p=969"},"modified":"2018-06-04T09:58:24","modified_gmt":"2018-06-04T09:58:24","slug":"locaux-medicaux","status":"publish","type":"post","link":"https:\/\/www.archib.net\/?p=969","title":{"rendered":"Locaux m\u00e9dicaux"},"content":{"rendered":"<p>Les locaux initiaux \u00e9taient d\u00e9j\u00e0 des locaux m\u00e9dicaux, mais aux normes et design des ann\u00e9es 70:<\/p>\n<p><a href=\"http:\/\/www.archib.net\/wp-content\/uploads\/2018\/06\/DSC03628.jpg\"><img loading=\"lazy\" decoding=\"async\" class=\"size-large wp-image-970\" src=\"http:\/\/www.archib.net\/wp-content\/uploads\/2018\/06\/DSC03628-1024x680.jpg\" alt=\"\" width=\"474\" height=\"315\" srcset=\"https:\/\/www.archib.net\/wp-content\/uploads\/2018\/06\/DSC03628-1024x680.jpg 1024w, https:\/\/www.archib.net\/wp-content\/uploads\/2018\/06\/DSC03628-300x199.jpg 300w, https:\/\/www.archib.net\/wp-content\/uploads\/2018\/06\/DSC03628-768x510.jpg 768w\" sizes=\"auto, (max-width: 474px) 100vw, 474px\" \/><\/a><\/p>\n<p><a href=\"http:\/\/www.archib.net\/wp-content\/uploads\/2018\/06\/DSC03634-e1528102360275.jpg\"><img loading=\"lazy\" decoding=\"async\" class=\"size-large wp-image-971\" src=\"http:\/\/www.archib.net\/wp-content\/uploads\/2018\/06\/DSC03634-e1528102360275-680x1024.jpg\" alt=\"\" width=\"474\" height=\"714\" srcset=\"https:\/\/www.archib.net\/wp-content\/uploads\/2018\/06\/DSC03634-e1528102360275-680x1024.jpg 680w, https:\/\/www.archib.net\/wp-content\/uploads\/2018\/06\/DSC03634-e1528102360275-199x300.jpg 199w, https:\/\/www.archib.net\/wp-content\/uploads\/2018\/06\/DSC03634-e1528102360275-768x1156.jpg 768w\" sizes=\"auto, (max-width: 474px) 100vw, 474px\" \/><\/a><\/p>\n<p><a href=\"http:\/\/www.archib.net\/wp-content\/uploads\/2018\/06\/DSC03635.jpg\"><img loading=\"lazy\" decoding=\"async\" class=\"size-large wp-image-972\" src=\"http:\/\/www.archib.net\/wp-content\/uploads\/2018\/06\/DSC03635-1024x680.jpg\" alt=\"\" width=\"474\" height=\"315\" srcset=\"https:\/\/www.archib.net\/wp-content\/uploads\/2018\/06\/DSC03635-1024x680.jpg 1024w, https:\/\/www.archib.net\/wp-content\/uploads\/2018\/06\/DSC03635-300x199.jpg 300w, https:\/\/www.archib.net\/wp-content\/uploads\/2018\/06\/DSC03635-768x510.jpg 768w\" sizes=\"auto, (max-width: 474px) 100vw, 474px\" \/><\/a><\/p>\n<p><a href=\"http:\/\/www.archib.net\/wp-content\/uploads\/2018\/06\/DSC03655.jpg\"><img loading=\"lazy\" decoding=\"async\" class=\"size-large wp-image-973\" src=\"http:\/\/www.archib.net\/wp-content\/uploads\/2018\/06\/DSC03655-1024x680.jpg\" alt=\"\" width=\"474\" height=\"315\" srcset=\"https:\/\/www.archib.net\/wp-content\/uploads\/2018\/06\/DSC03655-1024x680.jpg 1024w, https:\/\/www.archib.net\/wp-content\/uploads\/2018\/06\/DSC03655-300x199.jpg 300w, https:\/\/www.archib.net\/wp-content\/uploads\/2018\/06\/DSC03655-768x510.jpg 768w\" sizes=\"auto, (max-width: 474px) 100vw, 474px\" \/><\/a><\/p>\n<p><a href=\"http:\/\/www.archib.net\/wp-content\/uploads\/2018\/06\/DSC03673.jpg\"><img loading=\"lazy\" decoding=\"async\" class=\"size-large wp-image-974\" src=\"http:\/\/www.archib.net\/wp-content\/uploads\/2018\/06\/DSC03673-1024x680.jpg\" alt=\"\" width=\"474\" height=\"315\" srcset=\"https:\/\/www.archib.net\/wp-content\/uploads\/2018\/06\/DSC03673-1024x680.jpg 1024w, https:\/\/www.archib.net\/wp-content\/uploads\/2018\/06\/DSC03673-300x199.jpg 300w, https:\/\/www.archib.net\/wp-content\/uploads\/2018\/06\/DSC03673-768x510.jpg 768w\" sizes=\"auto, (max-width: 474px) 100vw, 474px\" \/><\/a><\/p>\n<p><a href=\"http:\/\/www.archib.net\/wp-content\/uploads\/2018\/06\/DSC03681.jpg\"><img loading=\"lazy\" decoding=\"async\" class=\"size-large wp-image-975\" src=\"http:\/\/www.archib.net\/wp-content\/uploads\/2018\/06\/DSC03681-1024x680.jpg\" alt=\"\" width=\"474\" height=\"315\" srcset=\"https:\/\/www.archib.net\/wp-content\/uploads\/2018\/06\/DSC03681-1024x680.jpg 1024w, https:\/\/www.archib.net\/wp-content\/uploads\/2018\/06\/DSC03681-300x199.jpg 300w, https:\/\/www.archib.net\/wp-content\/uploads\/2018\/06\/DSC03681-768x510.jpg 768w\" sizes=\"auto, (max-width: 474px) 100vw, 474px\" \/><\/a><\/p>\n<p>Afin de recevoir 3 m\u00e9decins avec leurs assistants, pour la m\u00e9decine du travail (Sant\u00e9 au Travail d&rsquo;Aunis et de Saintonge), des bureaux existants ont \u00e9t\u00e9 r\u00e9nov\u00e9s et restructur\u00e9s pour en faire des espaces accueillants, lumineux, chaleureux et fonctionnels:<\/p>\n<p><a href=\"http:\/\/www.archib.net\/wp-content\/uploads\/2018\/06\/IMG_2515.jpg\"><img loading=\"lazy\" decoding=\"async\" class=\"size-large wp-image-909 alignnone\" src=\"http:\/\/www.archib.net\/wp-content\/uploads\/2018\/06\/IMG_2515-768x1024.jpg\" alt=\"\" width=\"474\" height=\"632\" srcset=\"https:\/\/www.archib.net\/wp-content\/uploads\/2018\/06\/IMG_2515-768x1024.jpg 768w, https:\/\/www.archib.net\/wp-content\/uploads\/2018\/06\/IMG_2515-225x300.jpg 225w\" sizes=\"auto, (max-width: 474px) 100vw, 474px\" \/><\/a> <a href=\"http:\/\/www.archib.net\/wp-content\/uploads\/2018\/06\/IMG_2517.jpg\"><img loading=\"lazy\" decoding=\"async\" class=\"size-large wp-image-911 alignnone\" src=\"http:\/\/www.archib.net\/wp-content\/uploads\/2018\/06\/IMG_2517-768x1024.jpg\" alt=\"\" width=\"474\" height=\"632\" srcset=\"https:\/\/www.archib.net\/wp-content\/uploads\/2018\/06\/IMG_2517-768x1024.jpg 768w, https:\/\/www.archib.net\/wp-content\/uploads\/2018\/06\/IMG_2517-225x300.jpg 225w\" sizes=\"auto, (max-width: 474px) 100vw, 474px\" \/><\/a> <a href=\"http:\/\/www.archib.net\/wp-content\/uploads\/2018\/06\/IMG_2519.jpg\"><img loading=\"lazy\" decoding=\"async\" class=\"size-large wp-image-913 alignnone\" src=\"http:\/\/www.archib.net\/wp-content\/uploads\/2018\/06\/IMG_2519-768x1024.jpg\" alt=\"\" width=\"474\" height=\"632\" srcset=\"https:\/\/www.archib.net\/wp-content\/uploads\/2018\/06\/IMG_2519-768x1024.jpg 768w, https:\/\/www.archib.net\/wp-content\/uploads\/2018\/06\/IMG_2519-225x300.jpg 225w\" sizes=\"auto, (max-width: 474px) 100vw, 474px\" \/><\/a> <a href=\"http:\/\/www.archib.net\/wp-content\/uploads\/2018\/06\/IMG_2518.jpg\"><img loading=\"lazy\" decoding=\"async\" class=\"size-large wp-image-912 alignnone\" src=\"http:\/\/www.archib.net\/wp-content\/uploads\/2018\/06\/IMG_2518-768x1024.jpg\" alt=\"\" width=\"474\" height=\"632\" srcset=\"https:\/\/www.archib.net\/wp-content\/uploads\/2018\/06\/IMG_2518-768x1024.jpg 768w, https:\/\/www.archib.net\/wp-content\/uploads\/2018\/06\/IMG_2518-225x300.jpg 225w\" sizes=\"auto, (max-width: 474px) 100vw, 474px\" \/><\/a> <a href=\"http:\/\/www.archib.net\/wp-content\/uploads\/2018\/06\/IMG_2521.jpg\"><img loading=\"lazy\" decoding=\"async\" class=\"size-large wp-image-915 alignnone\" src=\"http:\/\/www.archib.net\/wp-content\/uploads\/2018\/06\/IMG_2521-1024x768.jpg\" alt=\"\" width=\"474\" height=\"356\" srcset=\"https:\/\/www.archib.net\/wp-content\/uploads\/2018\/06\/IMG_2521-1024x768.jpg 1024w, https:\/\/www.archib.net\/wp-content\/uploads\/2018\/06\/IMG_2521-300x225.jpg 300w, https:\/\/www.archib.net\/wp-content\/uploads\/2018\/06\/IMG_2521-768x576.jpg 768w\" sizes=\"auto, (max-width: 474px) 100vw, 474px\" \/><\/a> <a href=\"http:\/\/www.archib.net\/wp-content\/uploads\/2018\/06\/IMG_2522.jpg\"><img loading=\"lazy\" decoding=\"async\" class=\"size-large wp-image-916 alignnone\" src=\"http:\/\/www.archib.net\/wp-content\/uploads\/2018\/06\/IMG_2522-1024x768.jpg\" alt=\"\" width=\"474\" height=\"356\" srcset=\"https:\/\/www.archib.net\/wp-content\/uploads\/2018\/06\/IMG_2522-1024x768.jpg 1024w, https:\/\/www.archib.net\/wp-content\/uploads\/2018\/06\/IMG_2522-300x225.jpg 300w, https:\/\/www.archib.net\/wp-content\/uploads\/2018\/06\/IMG_2522-768x576.jpg 768w\" sizes=\"auto, (max-width: 474px) 100vw, 474px\" \/><\/a><\/p>\n","protected":false},"excerpt":{"rendered":"<p>Les locaux initiaux \u00e9taient d\u00e9j\u00e0 des locaux m\u00e9dicaux, mais aux normes et design des ann\u00e9es 70: Afin de recevoir 3 m\u00e9decins avec leurs assistants, pour la m\u00e9decine du travail (Sant\u00e9 au Travail d&rsquo;Aunis et de Saintonge), des bureaux existants ont \u00e9t\u00e9 r\u00e9nov\u00e9s et restructur\u00e9s pour en faire des espaces accueillants, lumineux, chaleureux et fonctionnels:<\/p>\n","protected":false},"author":1,"featured_media":0,"comment_status":"open","ping_status":"open","sticky":false,"template":"","format":"standard","meta":{"footnotes":""},"categories":[66,20,19,15,65],"tags":[64,57,17,55],"class_list":["post-969","post","type-post","status-publish","format-standard","hentry","category-medical","category-projets-realises","category-public","category-renovation","category-tertiaire","tag-moderne","tag-public","tag-renovation-2","tag-restructuration-totale"],"_links":{"self":[{"href":"https:\/\/www.archib.net\/index.php?rest_route=\/wp\/v2\/posts\/969","targetHints":{"allow":["GET"]}}],"collection":[{"href":"https:\/\/www.archib.net\/index.php?rest_route=\/wp\/v2\/posts"}],"about":[{"href":"https:\/\/www.archib.net\/index.php?rest_route=\/wp\/v2\/types\/post"}],"author":[{"embeddable":true,"href":"https:\/\/www.archib.net\/index.php?rest_route=\/wp\/v2\/users\/1"}],"replies":[{"embeddable":true,"href":"https:\/\/www.archib.net\/index.php?rest_route=%2Fwp%2Fv2%2Fcomments&post=969"}],"version-history":[{"count":2,"href":"https:\/\/www.archib.net\/index.php?rest_route=\/wp\/v2\/posts\/969\/revisions"}],"predecessor-version":[{"id":1010,"href":"https:\/\/www.archib.net\/index.php?rest_route=\/wp\/v2\/posts\/969\/revisions\/1010"}],"wp:attachment":[{"href":"https:\/\/www.archib.net\/index.php?rest_route=%2Fwp%2Fv2%2Fmedia&parent=969"}],"wp:term":[{"taxonomy":"category","embeddable":true,"href":"https:\/\/www.archib.net\/index.php?rest_route=%2Fwp%2Fv2%2Fcategories&post=969"},{"taxonomy":"post_tag","embeddable":true,"href":"https:\/\/www.archib.net\/index.php?rest_route=%2Fwp%2Fv2%2Ftags&post=969"}],"curies":[{"name":"wp","href":"https:\/\/api.w.org\/{rel}","templated":true}]}}