{"id":979,"date":"2018-06-04T09:37:55","date_gmt":"2018-06-04T09:37:55","guid":{"rendered":"http:\/\/www.archib.net\/?p=979"},"modified":"2018-06-04T09:56:43","modified_gmt":"2018-06-04T09:56:43","slug":"du-moderne-pour-agrandir-lancien","status":"publish","type":"post","link":"https:\/\/www.archib.net\/?p=979","title":{"rendered":"Du moderne pour agrandir l&rsquo;ancien"},"content":{"rendered":"<p>M\u00eame dans une zone fortement surveill\u00e9e par les B\u00e2timents de France, il est possible de faire de l&rsquo;architecture moderne (ce n&rsquo;est pas le cas partout).<\/p>\n<p>Ce projet est la restructuration d&rsquo;une toute petite maison, sur un tout petit terrain, en centre ville. A l&rsquo;\u00e9tat actuel l&rsquo;habitation date des ann\u00e9es 20, mais n&rsquo;a malheureusement pas la meilleur esth\u00e9tique de cette \u00e9poque:<\/p>\n<p><a href=\"http:\/\/www.archib.net\/wp-content\/uploads\/2018\/06\/IMG_2841.jpg\"><img loading=\"lazy\" decoding=\"async\" class=\"size-large wp-image-986 alignnone\" src=\"http:\/\/www.archib.net\/wp-content\/uploads\/2018\/06\/IMG_2841-768x1024.jpg\" alt=\"\" width=\"474\" height=\"632\" srcset=\"https:\/\/www.archib.net\/wp-content\/uploads\/2018\/06\/IMG_2841-768x1024.jpg 768w, https:\/\/www.archib.net\/wp-content\/uploads\/2018\/06\/IMG_2841-225x300.jpg 225w\" sizes=\"auto, (max-width: 474px) 100vw, 474px\" \/><\/a> <a href=\"http:\/\/www.archib.net\/wp-content\/uploads\/2018\/06\/IMG_2880.jpg\"><img loading=\"lazy\" decoding=\"async\" class=\"size-large wp-image-987 alignnone\" src=\"http:\/\/www.archib.net\/wp-content\/uploads\/2018\/06\/IMG_2880-1024x768.jpg\" alt=\"\" width=\"474\" height=\"356\" srcset=\"https:\/\/www.archib.net\/wp-content\/uploads\/2018\/06\/IMG_2880-1024x768.jpg 1024w, https:\/\/www.archib.net\/wp-content\/uploads\/2018\/06\/IMG_2880-300x225.jpg 300w, https:\/\/www.archib.net\/wp-content\/uploads\/2018\/06\/IMG_2880-768x576.jpg 768w\" sizes=\"auto, (max-width: 474px) 100vw, 474px\" \/><\/a> <a href=\"http:\/\/www.archib.net\/wp-content\/uploads\/2018\/06\/IMG_2882.jpg\"><img loading=\"lazy\" decoding=\"async\" class=\"size-large wp-image-988 alignnone\" src=\"http:\/\/www.archib.net\/wp-content\/uploads\/2018\/06\/IMG_2882-1024x768.jpg\" alt=\"\" width=\"474\" height=\"356\" srcset=\"https:\/\/www.archib.net\/wp-content\/uploads\/2018\/06\/IMG_2882-1024x768.jpg 1024w, https:\/\/www.archib.net\/wp-content\/uploads\/2018\/06\/IMG_2882-300x225.jpg 300w, https:\/\/www.archib.net\/wp-content\/uploads\/2018\/06\/IMG_2882-768x576.jpg 768w\" sizes=\"auto, (max-width: 474px) 100vw, 474px\" \/><\/a> <a href=\"http:\/\/www.archib.net\/wp-content\/uploads\/2018\/06\/IMG_2888.jpg\"><img loading=\"lazy\" decoding=\"async\" class=\"size-large wp-image-989 alignnone\" src=\"http:\/\/www.archib.net\/wp-content\/uploads\/2018\/06\/IMG_2888-1024x452.jpg\" alt=\"\" width=\"474\" height=\"209\" srcset=\"https:\/\/www.archib.net\/wp-content\/uploads\/2018\/06\/IMG_2888-1024x452.jpg 1024w, https:\/\/www.archib.net\/wp-content\/uploads\/2018\/06\/IMG_2888-300x132.jpg 300w, https:\/\/www.archib.net\/wp-content\/uploads\/2018\/06\/IMG_2888-768x339.jpg 768w\" sizes=\"auto, (max-width: 474px) 100vw, 474px\" \/><\/a><\/p>\n<p>Le projet a \u00e9volu\u00e9, d&rsquo;abord par un simple agrandissement en ossature bois, avec v\u00eature en panneaux stratifi\u00e9s:<\/p>\n<p><a href=\"http:\/\/www.archib.net\/wp-content\/uploads\/2018\/06\/05-4.jpg\"><img loading=\"lazy\" decoding=\"async\" class=\"size-large wp-image-983 alignnone\" src=\"http:\/\/www.archib.net\/wp-content\/uploads\/2018\/06\/05-4-1024x768.jpg\" alt=\"\" width=\"474\" height=\"356\" srcset=\"https:\/\/www.archib.net\/wp-content\/uploads\/2018\/06\/05-4.jpg 1024w, https:\/\/www.archib.net\/wp-content\/uploads\/2018\/06\/05-4-300x225.jpg 300w, https:\/\/www.archib.net\/wp-content\/uploads\/2018\/06\/05-4-768x576.jpg 768w\" sizes=\"auto, (max-width: 474px) 100vw, 474px\" \/><\/a> <a href=\"http:\/\/www.archib.net\/wp-content\/uploads\/2018\/06\/06-4.jpg\"><img loading=\"lazy\" decoding=\"async\" class=\"size-large wp-image-984 alignnone\" src=\"http:\/\/www.archib.net\/wp-content\/uploads\/2018\/06\/06-4-1024x768.jpg\" alt=\"\" width=\"474\" height=\"356\" srcset=\"https:\/\/www.archib.net\/wp-content\/uploads\/2018\/06\/06-4.jpg 1024w, https:\/\/www.archib.net\/wp-content\/uploads\/2018\/06\/06-4-300x225.jpg 300w, https:\/\/www.archib.net\/wp-content\/uploads\/2018\/06\/06-4-768x576.jpg 768w\" sizes=\"auto, (max-width: 474px) 100vw, 474px\" \/><\/a> <a href=\"http:\/\/www.archib.net\/wp-content\/uploads\/2018\/06\/07-1.jpg\"><img loading=\"lazy\" decoding=\"async\" class=\"size-large wp-image-985 alignnone\" src=\"http:\/\/www.archib.net\/wp-content\/uploads\/2018\/06\/07-1-1024x768.jpg\" alt=\"\" width=\"474\" height=\"356\" srcset=\"https:\/\/www.archib.net\/wp-content\/uploads\/2018\/06\/07-1.jpg 1024w, https:\/\/www.archib.net\/wp-content\/uploads\/2018\/06\/07-1-300x225.jpg 300w, https:\/\/www.archib.net\/wp-content\/uploads\/2018\/06\/07-1-768x576.jpg 768w\" sizes=\"auto, (max-width: 474px) 100vw, 474px\" \/><\/a> <a href=\"http:\/\/www.archib.net\/wp-content\/uploads\/2018\/06\/02-6.jpg\"><img loading=\"lazy\" decoding=\"async\" class=\"size-large wp-image-980 alignnone\" src=\"http:\/\/www.archib.net\/wp-content\/uploads\/2018\/06\/02-6-1024x768.jpg\" alt=\"\" width=\"474\" height=\"356\" srcset=\"https:\/\/www.archib.net\/wp-content\/uploads\/2018\/06\/02-6.jpg 1024w, https:\/\/www.archib.net\/wp-content\/uploads\/2018\/06\/02-6-300x225.jpg 300w, https:\/\/www.archib.net\/wp-content\/uploads\/2018\/06\/02-6-768x576.jpg 768w\" sizes=\"auto, (max-width: 474px) 100vw, 474px\" \/><\/a> <a href=\"http:\/\/www.archib.net\/wp-content\/uploads\/2018\/06\/03-7.jpg\"><img loading=\"lazy\" decoding=\"async\" class=\"size-large wp-image-981 alignnone\" src=\"http:\/\/www.archib.net\/wp-content\/uploads\/2018\/06\/03-7-1024x768.jpg\" alt=\"\" width=\"474\" height=\"356\" srcset=\"https:\/\/www.archib.net\/wp-content\/uploads\/2018\/06\/03-7.jpg 1024w, https:\/\/www.archib.net\/wp-content\/uploads\/2018\/06\/03-7-300x225.jpg 300w, https:\/\/www.archib.net\/wp-content\/uploads\/2018\/06\/03-7-768x576.jpg 768w\" sizes=\"auto, (max-width: 474px) 100vw, 474px\" \/><\/a> <a href=\"http:\/\/www.archib.net\/wp-content\/uploads\/2018\/06\/04-5.jpg\"><img loading=\"lazy\" decoding=\"async\" class=\"size-large wp-image-982 alignnone\" src=\"http:\/\/www.archib.net\/wp-content\/uploads\/2018\/06\/04-5-1024x768.jpg\" alt=\"\" width=\"474\" height=\"356\" srcset=\"https:\/\/www.archib.net\/wp-content\/uploads\/2018\/06\/04-5.jpg 1024w, https:\/\/www.archib.net\/wp-content\/uploads\/2018\/06\/04-5-300x225.jpg 300w, https:\/\/www.archib.net\/wp-content\/uploads\/2018\/06\/04-5-768x576.jpg 768w\" sizes=\"auto, (max-width: 474px) 100vw, 474px\" \/><\/a><\/p>\n<p>Puis un peu de bardage bois est venu r\u00e9chauffer l&rsquo;ensemble, en int\u00e9grant les fa\u00e7ades existantes dans le projet:<\/p>\n<p><a href=\"http:\/\/www.archib.net\/wp-content\/uploads\/2018\/06\/07-2.jpg\"><img loading=\"lazy\" decoding=\"async\" class=\"size-large wp-image-996 alignnone\" src=\"http:\/\/www.archib.net\/wp-content\/uploads\/2018\/06\/07-2-1024x576.jpg\" alt=\"\" width=\"474\" height=\"267\" srcset=\"https:\/\/www.archib.net\/wp-content\/uploads\/2018\/06\/07-2-1024x576.jpg 1024w, https:\/\/www.archib.net\/wp-content\/uploads\/2018\/06\/07-2-300x169.jpg 300w, https:\/\/www.archib.net\/wp-content\/uploads\/2018\/06\/07-2-768x432.jpg 768w, https:\/\/www.archib.net\/wp-content\/uploads\/2018\/06\/07-2.jpg 1280w\" sizes=\"auto, (max-width: 474px) 100vw, 474px\" \/><\/a> <a href=\"http:\/\/www.archib.net\/wp-content\/uploads\/2018\/06\/08-1.jpg\"><img loading=\"lazy\" decoding=\"async\" class=\"size-large wp-image-997 alignnone\" src=\"http:\/\/www.archib.net\/wp-content\/uploads\/2018\/06\/08-1-1024x576.jpg\" alt=\"\" width=\"474\" height=\"267\" srcset=\"https:\/\/www.archib.net\/wp-content\/uploads\/2018\/06\/08-1-1024x576.jpg 1024w, https:\/\/www.archib.net\/wp-content\/uploads\/2018\/06\/08-1-300x169.jpg 300w, https:\/\/www.archib.net\/wp-content\/uploads\/2018\/06\/08-1-768x432.jpg 768w, https:\/\/www.archib.net\/wp-content\/uploads\/2018\/06\/08-1.jpg 1280w\" sizes=\"auto, (max-width: 474px) 100vw, 474px\" \/><\/a> <a href=\"http:\/\/www.archib.net\/wp-content\/uploads\/2018\/06\/09.jpg\"><img loading=\"lazy\" decoding=\"async\" class=\"size-large wp-image-998 alignnone\" src=\"http:\/\/www.archib.net\/wp-content\/uploads\/2018\/06\/09-1024x576.jpg\" alt=\"\" width=\"474\" height=\"267\" srcset=\"https:\/\/www.archib.net\/wp-content\/uploads\/2018\/06\/09-1024x576.jpg 1024w, https:\/\/www.archib.net\/wp-content\/uploads\/2018\/06\/09-300x169.jpg 300w, https:\/\/www.archib.net\/wp-content\/uploads\/2018\/06\/09-768x432.jpg 768w, https:\/\/www.archib.net\/wp-content\/uploads\/2018\/06\/09.jpg 1280w\" sizes=\"auto, (max-width: 474px) 100vw, 474px\" \/><\/a> <a href=\"http:\/\/www.archib.net\/wp-content\/uploads\/2018\/06\/vue-rue-01-copie.jpg\"><img loading=\"lazy\" decoding=\"async\" class=\"size-large wp-image-999 alignnone\" src=\"http:\/\/www.archib.net\/wp-content\/uploads\/2018\/06\/vue-rue-01-copie-1024x768.jpg\" alt=\"\" width=\"474\" height=\"356\" srcset=\"https:\/\/www.archib.net\/wp-content\/uploads\/2018\/06\/vue-rue-01-copie-1024x768.jpg 1024w, https:\/\/www.archib.net\/wp-content\/uploads\/2018\/06\/vue-rue-01-copie-300x225.jpg 300w, https:\/\/www.archib.net\/wp-content\/uploads\/2018\/06\/vue-rue-01-copie-768x576.jpg 768w\" sizes=\"auto, (max-width: 474px) 100vw, 474px\" \/><\/a> <a href=\"http:\/\/www.archib.net\/wp-content\/uploads\/2018\/06\/04-6.jpg\"><img loading=\"lazy\" decoding=\"async\" class=\"size-large wp-image-993 alignnone\" src=\"http:\/\/www.archib.net\/wp-content\/uploads\/2018\/06\/04-6-1024x576.jpg\" alt=\"\" width=\"474\" height=\"267\" srcset=\"https:\/\/www.archib.net\/wp-content\/uploads\/2018\/06\/04-6-1024x576.jpg 1024w, https:\/\/www.archib.net\/wp-content\/uploads\/2018\/06\/04-6-300x169.jpg 300w, https:\/\/www.archib.net\/wp-content\/uploads\/2018\/06\/04-6-768x432.jpg 768w, https:\/\/www.archib.net\/wp-content\/uploads\/2018\/06\/04-6.jpg 1280w\" sizes=\"auto, (max-width: 474px) 100vw, 474px\" \/><\/a> <a href=\"http:\/\/www.archib.net\/wp-content\/uploads\/2018\/06\/03-8.jpg\"><img loading=\"lazy\" decoding=\"async\" class=\"size-large wp-image-992 alignnone\" src=\"http:\/\/www.archib.net\/wp-content\/uploads\/2018\/06\/03-8-1024x576.jpg\" alt=\"\" width=\"474\" height=\"267\" srcset=\"https:\/\/www.archib.net\/wp-content\/uploads\/2018\/06\/03-8-1024x576.jpg 1024w, https:\/\/www.archib.net\/wp-content\/uploads\/2018\/06\/03-8-300x169.jpg 300w, https:\/\/www.archib.net\/wp-content\/uploads\/2018\/06\/03-8-768x432.jpg 768w, https:\/\/www.archib.net\/wp-content\/uploads\/2018\/06\/03-8.jpg 1280w\" sizes=\"auto, (max-width: 474px) 100vw, 474px\" \/><\/a> <a href=\"http:\/\/www.archib.net\/wp-content\/uploads\/2018\/06\/02-7.jpg\"><img loading=\"lazy\" decoding=\"async\" class=\"size-large wp-image-991 alignnone\" src=\"http:\/\/www.archib.net\/wp-content\/uploads\/2018\/06\/02-7-1024x576.jpg\" alt=\"\" width=\"474\" height=\"267\" srcset=\"https:\/\/www.archib.net\/wp-content\/uploads\/2018\/06\/02-7-1024x576.jpg 1024w, https:\/\/www.archib.net\/wp-content\/uploads\/2018\/06\/02-7-300x169.jpg 300w, https:\/\/www.archib.net\/wp-content\/uploads\/2018\/06\/02-7-768x432.jpg 768w, https:\/\/www.archib.net\/wp-content\/uploads\/2018\/06\/02-7.jpg 1280w\" sizes=\"auto, (max-width: 474px) 100vw, 474px\" \/><\/a> <a href=\"http:\/\/www.archib.net\/wp-content\/uploads\/2018\/06\/vue-rue-2-copie.jpg\"><img loading=\"lazy\" decoding=\"async\" class=\"size-large wp-image-1000 alignnone\" src=\"http:\/\/www.archib.net\/wp-content\/uploads\/2018\/06\/vue-rue-2-copie-1024x452.jpg\" alt=\"\" width=\"474\" height=\"209\" srcset=\"https:\/\/www.archib.net\/wp-content\/uploads\/2018\/06\/vue-rue-2-copie-1024x452.jpg 1024w, https:\/\/www.archib.net\/wp-content\/uploads\/2018\/06\/vue-rue-2-copie-300x132.jpg 300w, https:\/\/www.archib.net\/wp-content\/uploads\/2018\/06\/vue-rue-2-copie-768x339.jpg 768w\" sizes=\"auto, (max-width: 474px) 100vw, 474px\" \/><\/a> <a href=\"http:\/\/www.archib.net\/wp-content\/uploads\/2018\/06\/01-7.jpg\"><img loading=\"lazy\" decoding=\"async\" class=\"size-large wp-image-990 alignnone\" src=\"http:\/\/www.archib.net\/wp-content\/uploads\/2018\/06\/01-7-1024x576.jpg\" alt=\"\" width=\"474\" height=\"267\" srcset=\"https:\/\/www.archib.net\/wp-content\/uploads\/2018\/06\/01-7-1024x576.jpg 1024w, https:\/\/www.archib.net\/wp-content\/uploads\/2018\/06\/01-7-300x169.jpg 300w, https:\/\/www.archib.net\/wp-content\/uploads\/2018\/06\/01-7-768x432.jpg 768w, https:\/\/www.archib.net\/wp-content\/uploads\/2018\/06\/01-7.jpg 1280w\" sizes=\"auto, (max-width: 474px) 100vw, 474px\" \/><\/a><\/p>\n<p>&nbsp;<\/p>\n<p>Toutefois, suivant les conseils des Architectes des B\u00e2timents de France, ce bardage bois contemporain, a \u00e9t\u00e9 remplac\u00e9 par un bardage \u00e0 lames larges, pose verticales, avec couvres joints, gris\u00e9, de designs ancien, comme ceux g\u00e9n\u00e9ralement demand\u00e9s sur toute l&rsquo;Ile de R\u00e9, et au final, dans quelques mois, ce projet devrait ressembler \u00e0 :<\/p>\n<p><a href=\"http:\/\/www.archib.net\/wp-content\/uploads\/2018\/06\/03-3.jpg\"><img loading=\"lazy\" decoding=\"async\" class=\"size-large wp-image-939 alignnone\" src=\"http:\/\/www.archib.net\/wp-content\/uploads\/2018\/06\/03-3-1024x576.jpg\" alt=\"\" width=\"474\" height=\"267\" srcset=\"https:\/\/www.archib.net\/wp-content\/uploads\/2018\/06\/03-3-1024x576.jpg 1024w, https:\/\/www.archib.net\/wp-content\/uploads\/2018\/06\/03-3-300x169.jpg 300w, https:\/\/www.archib.net\/wp-content\/uploads\/2018\/06\/03-3-768x432.jpg 768w, https:\/\/www.archib.net\/wp-content\/uploads\/2018\/06\/03-3.jpg 1280w\" sizes=\"auto, (max-width: 474px) 100vw, 474px\" \/><\/a> <a href=\"http:\/\/www.archib.net\/wp-content\/uploads\/2018\/06\/RUE-01-copie.jpg\"><img loading=\"lazy\" decoding=\"async\" class=\"size-full wp-image-940 alignnone\" src=\"http:\/\/www.archib.net\/wp-content\/uploads\/2018\/06\/RUE-01-copie.jpg\" alt=\"\" width=\"709\" height=\"313\" srcset=\"https:\/\/www.archib.net\/wp-content\/uploads\/2018\/06\/RUE-01-copie.jpg 709w, https:\/\/www.archib.net\/wp-content\/uploads\/2018\/06\/RUE-01-copie-300x132.jpg 300w\" sizes=\"auto, (max-width: 709px) 100vw, 709px\" \/><\/a> <a href=\"http:\/\/www.archib.net\/wp-content\/uploads\/2018\/06\/RUE-02-copie.jpg\"><img loading=\"lazy\" decoding=\"async\" class=\"size-full wp-image-941 alignnone\" src=\"http:\/\/www.archib.net\/wp-content\/uploads\/2018\/06\/RUE-02-copie.jpg\" alt=\"\" width=\"709\" height=\"531\" srcset=\"https:\/\/www.archib.net\/wp-content\/uploads\/2018\/06\/RUE-02-copie.jpg 709w, https:\/\/www.archib.net\/wp-content\/uploads\/2018\/06\/RUE-02-copie-300x225.jpg 300w\" sizes=\"auto, (max-width: 709px) 100vw, 709px\" \/><\/a><\/p>\n<p>&nbsp;<\/p>\n<p>&nbsp;<\/p>\n<p>&nbsp;<\/p>\n","protected":false},"excerpt":{"rendered":"<p>M\u00eame dans une zone fortement surveill\u00e9e par les B\u00e2timents de France, il est possible de faire de l&rsquo;architecture moderne (ce n&rsquo;est pas le cas partout). Ce projet est la restructuration d&rsquo;une toute petite maison, sur un tout petit terrain, en centre ville. A l&rsquo;\u00e9tat actuel l&rsquo;habitation date des ann\u00e9es 20, mais n&rsquo;a malheureusement pas la &hellip; <a href=\"https:\/\/www.archib.net\/?p=979\" class=\"more-link\">Continuer la lecture de <span class=\"screen-reader-text\">Du moderne pour agrandir l&rsquo;ancien<\/span>  <span class=\"meta-nav\">&rarr;<\/span><\/a><\/p>\n","protected":false},"author":1,"featured_media":0,"comment_status":"open","ping_status":"open","sticky":false,"template":"","format":"standard","meta":{"footnotes":""},"categories":[14,8,27,15],"tags":[18,7,64,17,55,33],"class_list":["post-979","post","type-post","status-publish","format-standard","hentry","category-agrandissement","category-maisons","category-permis-de-construire","category-renovation","tag-agrandissement-2","tag-maison","tag-moderne","tag-renovation-2","tag-restructuration-totale","tag-veture"],"_links":{"self":[{"href":"https:\/\/www.archib.net\/index.php?rest_route=\/wp\/v2\/posts\/979","targetHints":{"allow":["GET"]}}],"collection":[{"href":"https:\/\/www.archib.net\/index.php?rest_route=\/wp\/v2\/posts"}],"about":[{"href":"https:\/\/www.archib.net\/index.php?rest_route=\/wp\/v2\/types\/post"}],"author":[{"embeddable":true,"href":"https:\/\/www.archib.net\/index.php?rest_route=\/wp\/v2\/users\/1"}],"replies":[{"embeddable":true,"href":"https:\/\/www.archib.net\/index.php?rest_route=%2Fwp%2Fv2%2Fcomments&post=979"}],"version-history":[{"count":2,"href":"https:\/\/www.archib.net\/index.php?rest_route=\/wp\/v2\/posts\/979\/revisions"}],"predecessor-version":[{"id":1008,"href":"https:\/\/www.archib.net\/index.php?rest_route=\/wp\/v2\/posts\/979\/revisions\/1008"}],"wp:attachment":[{"href":"https:\/\/www.archib.net\/index.php?rest_route=%2Fwp%2Fv2%2Fmedia&parent=979"}],"wp:term":[{"taxonomy":"category","embeddable":true,"href":"https:\/\/www.archib.net\/index.php?rest_route=%2Fwp%2Fv2%2Fcategories&post=979"},{"taxonomy":"post_tag","embeddable":true,"href":"https:\/\/www.archib.net\/index.php?rest_route=%2Fwp%2Fv2%2Ftags&post=979"}],"curies":[{"name":"wp","href":"https:\/\/api.w.org\/{rel}","templated":true}]}}